{"id":11304,"date":"2022-07-13T11:53:58","date_gmt":"2022-07-13T09:53:58","guid":{"rendered":"https:\/\/glbouchez.be\/?p=11304"},"modified":"2022-07-14T11:55:17","modified_gmt":"2022-07-14T09:55:17","slug":"georges-louis-bouchez-opnieuw-bij-voka-waalse-werkzoekenden-kunnen-in-west-vlaanderen-aan-de-slag","status":"publish","type":"post","link":"https:\/\/glbouchez.be\/nl\/georges-louis-bouchez-opnieuw-bij-voka-waalse-werkzoekenden-kunnen-in-west-vlaanderen-aan-de-slag\/","title":{"rendered":"Georges-Louis Bouchez opnieuw bij Voka: \u201cWaalse werkzoekenden kunnen in West-Vlaanderen aan de slag\u201d"},"content":{"rendered":"<p><strong>MR-voorzitter Georges-Louis Bouchez bracht vandaag een bezoek aan het befaamde communicatie- en technologiebedrijf Televic in Izegem. Hij kreeg een rondleiding van ceo Lieven Danneels, die hem aan de topmensen van Voka West-Vlaanderen voorstelde. GLB herhaalde zijn pleidooi voor een hogere werkzaamheidsgraad en lagere belastingen. Hij kreeg te horen dat Waalse werkkrachten meer dan welkom zijn in de regio. <\/strong><\/p>\n<p><strong>\u00a0<\/strong>13.000 Fransen. Zoveel zuiderburen steken elke dag de grens over om in West-Vlaanderen te gaan werken. Dat zijn er twee keer zoveel als de 6000 Walen die van de andere kant van de taalgrens naar West-Vlaanderen komen om hun brood te verdienen. \u201cIn grote delen van deze provincie is er bijna geen werkloosheid. Bedrijven krijgen hun vacatures zelfs niet ingevuld. Waalse werkzoekenden kunnen hier aan de slag. En de taal hoeft niet per se een probleem te zijn. Vlaanderen heeft een werkzaamheidsgraad van 76%. In Walloni\u00eb is dat maar 65%. Mijn thuisstad Bergen is er nog slechter aan toe met 53%. Meer arbeidsmobiliteit is een deel van de oplossing om 80% werkzaamheidsgraad te bereiken\u201d, zegt Bouchez. \u201cWant meer werk zorgt voor meer netto, minder belastingen, minder uitkeringsuitgaven, een betere begroting en dus meer ruimte om te investeren. Bijvoorbeeld in infrastructuur.\u201d<\/p>\n<p>80% werkzaamheidsgraad zorgt elk jaar voor 26 miljard directe en zelfs 40 miljard totale inkomsten voor de staat dankzij alle terugverdieneffecten. Daarmee kunnen de belastingen serieus worden verlaagd als je weet dat de personenbelasting 50 miljard vertegenwoordigt.<\/p>\n<h4>Modern en effici\u00ebnt Belgi\u00eb<\/h4>\n<p>Voor GLB blijft de concurrentiekracht van onze bedrijven cruciaal voor de koopkracht en het welzijn van de bevolking. \u201cDaarom stel ik voor om op de laatste indexering van dit jaar geen sociale bijdragen te laten heffen. Niet voor de werknemers en niet voor de werkgevers. Dat betekent 500 miljoen euro extra om de salarissen te verhogen en 1 miljard om de kosten van de ondernemingen te drukken.\u201d<\/p>\n<p>De MR-voorzitter pleitte opnieuw vurig voor structurele sociaaleconomische hervormingen. Voor de arbeidsmarkt, de fiscaliteit, de pensioenen. Voor de economie, de welvaart en de vooruitgang in ons land. Dus geen nieuwe communautaire ronde in 2024. \u201cDe meeste mensen liggen niet wakker van een staatshervorming. Ze hebben een boeiende job en een goed salaris nodig. Lagere belastingen ook. En betaalbare en zekere energie. Om een voorbeeld te geven: tussen 1984 en nu is ons bbp met 160% gestegen, terwijl onze overheidsuitgaven met 240% zijn toegenomen. In 1984 bedroeg het overheidsbeslag 64%, niet toevallig het jaar waarin de staatshervormingen werden uitgevoerd. Op dit moment vertegenwoordigt het overheidsbeslag 55% van het bbp. Regionalisering leidt alleen maar tot meer overheidsuitgaven. Ik ga voor een modern en effici\u00ebnt Belgi\u00eb. Een sterk Vlaanderen zorgt voor een sterker Belgi\u00eb en omgekeerd. Vlaanderen en Walloni\u00eb zijn elkaars beste klanten. Vlaanderen heeft er dus alle belang bij dat het goed gaat met Walloni\u00eb\u201d, besluit Bouchez.<\/p>\n<h4 style=\"text-align: center;\"><a href=\"https:\/\/www.hln.be\/izegem\/georges-louis-bouchez-ontmoet-west-vlaamse-voka-top-in-televic-br~ac6dd14d\/\">Lees het artikel op HLN.be hier\u00a0<\/a><\/h4>\n<h4 style=\"text-align: center;\"><a href=\"https:\/\/kw.be\/nieuws\/samenleving\/mr-voorzitter-georges-louis-bouchez-bezoekt-televic-uit-kachtem\/\">Lees het artikel in Krant van West-Vlaanderen hier<\/a><\/h4>\n\n\t\t<style type=\"text\/css\">\n\t\t\t#gallery-1 {\n\t\t\t\tmargin: auto;\n\t\t\t}\n\t\t\t#gallery-1 .gallery-item {\n\t\t\t\tfloat: left;\n\t\t\t\tmargin-top: 10px;\n\t\t\t\ttext-align: center;\n\t\t\t\twidth: 25%;\n\t\t\t}\n\t\t\t#gallery-1 img {\n\t\t\t\tborder: 2px solid #cfcfcf;\n\t\t\t}\n\t\t\t#gallery-1 .gallery-caption {\n\t\t\t\tmargin-left: 0;\n\t\t\t}\n\t\t\t\/* see gallery_shortcode() in wp-includes\/media.php *\/\n\t\t<\/style>\n\t\t<div id='gallery-1' class='gallery galleryid-11304 gallery-columns-4 gallery-size-large'><dl class='gallery-item'>\n\t\t\t<dt class='gallery-icon landscape'>\n\t\t\t\t<a href='https:\/\/glbouchez.be\/wp-content\/uploads\/2022\/07\/52211382914_4f10562c8b_k.jpg'><img loading=\"lazy\" decoding=\"async\" width=\"1024\" height=\"683\" src=\"https:\/\/glbouchez.be\/wp-content\/uploads\/2022\/07\/52211382914_4f10562c8b_k-1024x683.jpg\" class=\"attachment-large size-large\" alt=\"\" srcset=\"https:\/\/glbouchez.be\/wp-content\/uploads\/2022\/07\/52211382914_4f10562c8b_k-1024x683.jpg 1024w, https:\/\/glbouchez.be\/wp-content\/uploads\/2022\/07\/52211382914_4f10562c8b_k-300x200.jpg 300w, https:\/\/glbouchez.be\/wp-content\/uploads\/2022\/07\/52211382914_4f10562c8b_k-768x512.jpg 768w, https:\/\/glbouchez.be\/wp-content\/uploads\/2022\/07\/52211382914_4f10562c8b_k-1536x1024.jpg 1536w, https:\/\/glbouchez.be\/wp-content\/uploads\/2022\/07\/52211382914_4f10562c8b_k-900x600.jpg 900w, https:\/\/glbouchez.be\/wp-content\/uploads\/2022\/07\/52211382914_4f10562c8b_k.jpg 2047w\" sizes=\"auto, (max-width: 1024px) 100vw, 1024px\" \/><\/a>\n\t\t\t<\/dt><\/dl><dl class='gallery-item'>\n\t\t\t<dt class='gallery-icon landscape'>\n\t\t\t\t<a href='https:\/\/glbouchez.be\/wp-content\/uploads\/2022\/07\/52211383464_7b87c25aa1_k.jpg'><img loading=\"lazy\" decoding=\"async\" width=\"1024\" height=\"683\" src=\"https:\/\/glbouchez.be\/wp-content\/uploads\/2022\/07\/52211383464_7b87c25aa1_k-1024x683.jpg\" class=\"attachment-large size-large\" alt=\"\" srcset=\"https:\/\/glbouchez.be\/wp-content\/uploads\/2022\/07\/52211383464_7b87c25aa1_k-1024x683.jpg 1024w, https:\/\/glbouchez.be\/wp-content\/uploads\/2022\/07\/52211383464_7b87c25aa1_k-300x200.jpg 300w, https:\/\/glbouchez.be\/wp-content\/uploads\/2022\/07\/52211383464_7b87c25aa1_k-768x512.jpg 768w, https:\/\/glbouchez.be\/wp-content\/uploads\/2022\/07\/52211383464_7b87c25aa1_k-1536x1024.jpg 1536w, https:\/\/glbouchez.be\/wp-content\/uploads\/2022\/07\/52211383464_7b87c25aa1_k-900x600.jpg 900w, https:\/\/glbouchez.be\/wp-content\/uploads\/2022\/07\/52211383464_7b87c25aa1_k.jpg 2047w\" sizes=\"auto, (max-width: 1024px) 100vw, 1024px\" \/><\/a>\n\t\t\t<\/dt><\/dl><dl class='gallery-item'>\n\t\t\t<dt class='gallery-icon landscape'>\n\t\t\t\t<a href='https:\/\/glbouchez.be\/wp-content\/uploads\/2022\/07\/52211637020_ddf803c326_k.jpg'><img loading=\"lazy\" decoding=\"async\" width=\"1024\" height=\"683\" src=\"https:\/\/glbouchez.be\/wp-content\/uploads\/2022\/07\/52211637020_ddf803c326_k-1024x683.jpg\" class=\"attachment-large size-large\" alt=\"\" srcset=\"https:\/\/glbouchez.be\/wp-content\/uploads\/2022\/07\/52211637020_ddf803c326_k-1024x683.jpg 1024w, https:\/\/glbouchez.be\/wp-content\/uploads\/2022\/07\/52211637020_ddf803c326_k-300x200.jpg 300w, https:\/\/glbouchez.be\/wp-content\/uploads\/2022\/07\/52211637020_ddf803c326_k-768x512.jpg 768w, https:\/\/glbouchez.be\/wp-content\/uploads\/2022\/07\/52211637020_ddf803c326_k-1536x1024.jpg 1536w, https:\/\/glbouchez.be\/wp-content\/uploads\/2022\/07\/52211637020_ddf803c326_k-900x600.jpg 900w, https:\/\/glbouchez.be\/wp-content\/uploads\/2022\/07\/52211637020_ddf803c326_k.jpg 2047w\" sizes=\"auto, (max-width: 1024px) 100vw, 1024px\" \/><\/a>\n\t\t\t<\/dt><\/dl><dl class='gallery-item'>\n\t\t\t<dt class='gallery-icon landscape'>\n\t\t\t\t<a href='https:\/\/glbouchez.be\/wp-content\/uploads\/2022\/07\/52211595785_eb751f32e2_k.jpg'><img loading=\"lazy\" decoding=\"async\" width=\"1024\" height=\"683\" src=\"https:\/\/glbouchez.be\/wp-content\/uploads\/2022\/07\/52211595785_eb751f32e2_k-1024x683.jpg\" class=\"attachment-large size-large\" alt=\"\" srcset=\"https:\/\/glbouchez.be\/wp-content\/uploads\/2022\/07\/52211595785_eb751f32e2_k-1024x683.jpg 1024w, https:\/\/glbouchez.be\/wp-content\/uploads\/2022\/07\/52211595785_eb751f32e2_k-300x200.jpg 300w, https:\/\/glbouchez.be\/wp-content\/uploads\/2022\/07\/52211595785_eb751f32e2_k-768x512.jpg 768w, https:\/\/glbouchez.be\/wp-content\/uploads\/2022\/07\/52211595785_eb751f32e2_k-1536x1024.jpg 1536w, https:\/\/glbouchez.be\/wp-content\/uploads\/2022\/07\/52211595785_eb751f32e2_k-900x600.jpg 900w, https:\/\/glbouchez.be\/wp-content\/uploads\/2022\/07\/52211595785_eb751f32e2_k.jpg 2047w\" sizes=\"auto, (max-width: 1024px) 100vw, 1024px\" \/><\/a>\n\t\t\t<\/dt><\/dl><br style=\"clear: both\" \/>\n\t\t<\/div>\n\n","protected":false},"excerpt":{"rendered":"<p>MR-voorzitter Georges-Louis Bouchez bracht vandaag een bezoek aan het befaamde communicatie- en technologiebedrijf Televic in Izegem. Hij kreeg een rondleiding van ceo Lieven Danneels, die hem aan de topmensen van&#8230;<\/p>\n","protected":false},"author":2,"featured_media":11298,"comment_status":"closed","ping_status":"closed","sticky":false,"template":"","format":"standard","meta":{"footnotes":""},"categories":[276,269],"tags":[],"class_list":{"0":"post-11304","1":"post","2":"type-post","3":"status-publish","4":"format-standard","5":"has-post-thumbnail","7":"category-media","8":"category-nieuws"},"yoast_head":"<!-- This site is optimized with the Yoast SEO plugin v27.5 - https:\/\/yoast.com\/product\/yoast-seo-wordpress\/ -->\n<title>Georges-Louis Bouchez opnieuw bij Voka: \u201cWaalse werkzoekenden kunnen in West-Vlaanderen aan de slag\u201d - Georges-Louis Bouchez<\/title>\n<meta name=\"robots\" content=\"index, follow, max-snippet:-1, max-image-preview:large, max-video-preview:-1\" \/>\n<link rel=\"canonical\" href=\"https:\/\/glbouchez.be\/nl\/georges-louis-bouchez-opnieuw-bij-voka-waalse-werkzoekenden-kunnen-in-west-vlaanderen-aan-de-slag\/\" \/>\n<meta property=\"og:locale\" content=\"nl_NL\" \/>\n<meta property=\"og:type\" content=\"article\" \/>\n<meta property=\"og:title\" content=\"Georges-Louis Bouchez opnieuw bij Voka: \u201cWaalse werkzoekenden kunnen in West-Vlaanderen aan de slag\u201d - Georges-Louis Bouchez\" \/>\n<meta property=\"og:description\" content=\"MR-voorzitter Georges-Louis Bouchez bracht vandaag een bezoek aan het befaamde communicatie- en technologiebedrijf Televic in Izegem. Hij kreeg een rondleiding van ceo Lieven Danneels, die hem aan de topmensen van...\" \/>\n<meta property=\"og:url\" content=\"https:\/\/glbouchez.be\/nl\/georges-louis-bouchez-opnieuw-bij-voka-waalse-werkzoekenden-kunnen-in-west-vlaanderen-aan-de-slag\/\" \/>\n<meta property=\"og:site_name\" content=\"Georges-Louis Bouchez\" \/>\n<meta property=\"article:published_time\" content=\"2022-07-13T09:53:58+00:00\" \/>\n<meta property=\"article:modified_time\" content=\"2022-07-14T09:55:17+00:00\" \/>\n<meta property=\"og:image\" content=\"https:\/\/glbouchez.be\/wp-content\/uploads\/2022\/07\/52211109511_8cb7580c30_k.jpg\" \/>\n\t<meta property=\"og:image:width\" content=\"2047\" \/>\n\t<meta property=\"og:image:height\" content=\"1365\" \/>\n\t<meta property=\"og:image:type\" content=\"image\/jpeg\" \/>\n<meta name=\"author\" content=\"Orane\" \/>\n<meta name=\"twitter:card\" content=\"summary_large_image\" \/>\n<meta name=\"twitter:label1\" content=\"Geschreven door\" \/>\n\t<meta name=\"twitter:data1\" content=\"Orane\" \/>\n\t<meta name=\"twitter:label2\" content=\"Geschatte leestijd\" \/>\n\t<meta name=\"twitter:data2\" content=\"3 minuten\" \/>\n<script type=\"application\/ld+json\" class=\"yoast-schema-graph\">{\"@context\":\"https:\\\/\\\/schema.org\",\"@graph\":[{\"@type\":\"Article\",\"@id\":\"https:\\\/\\\/glbouchez.be\\\/nl\\\/georges-louis-bouchez-opnieuw-bij-voka-waalse-werkzoekenden-kunnen-in-west-vlaanderen-aan-de-slag\\\/#article\",\"isPartOf\":{\"@id\":\"https:\\\/\\\/glbouchez.be\\\/nl\\\/georges-louis-bouchez-opnieuw-bij-voka-waalse-werkzoekenden-kunnen-in-west-vlaanderen-aan-de-slag\\\/\"},\"author\":{\"name\":\"Orane\",\"@id\":\"https:\\\/\\\/glbouchez.be\\\/#\\\/schema\\\/person\\\/422c978ae3654d11e1a6e6575fe341f1\"},\"headline\":\"Georges-Louis Bouchez opnieuw bij Voka: \u201cWaalse werkzoekenden kunnen in West-Vlaanderen aan de slag\u201d\",\"datePublished\":\"2022-07-13T09:53:58+00:00\",\"dateModified\":\"2022-07-14T09:55:17+00:00\",\"mainEntityOfPage\":{\"@id\":\"https:\\\/\\\/glbouchez.be\\\/nl\\\/georges-louis-bouchez-opnieuw-bij-voka-waalse-werkzoekenden-kunnen-in-west-vlaanderen-aan-de-slag\\\/\"},\"wordCount\":479,\"publisher\":{\"@id\":\"https:\\\/\\\/glbouchez.be\\\/#organization\"},\"image\":{\"@id\":\"https:\\\/\\\/glbouchez.be\\\/nl\\\/georges-louis-bouchez-opnieuw-bij-voka-waalse-werkzoekenden-kunnen-in-west-vlaanderen-aan-de-slag\\\/#primaryimage\"},\"thumbnailUrl\":\"https:\\\/\\\/glbouchez.be\\\/wp-content\\\/uploads\\\/2022\\\/07\\\/52211109511_8cb7580c30_k.jpg\",\"articleSection\":[\"In de media\",\"Nieuws\"],\"inLanguage\":\"nl-NL\"},{\"@type\":\"WebPage\",\"@id\":\"https:\\\/\\\/glbouchez.be\\\/nl\\\/georges-louis-bouchez-opnieuw-bij-voka-waalse-werkzoekenden-kunnen-in-west-vlaanderen-aan-de-slag\\\/\",\"url\":\"https:\\\/\\\/glbouchez.be\\\/nl\\\/georges-louis-bouchez-opnieuw-bij-voka-waalse-werkzoekenden-kunnen-in-west-vlaanderen-aan-de-slag\\\/\",\"name\":\"Georges-Louis Bouchez opnieuw bij Voka: \u201cWaalse werkzoekenden kunnen in West-Vlaanderen aan de slag\u201d - Georges-Louis Bouchez\",\"isPartOf\":{\"@id\":\"https:\\\/\\\/glbouchez.be\\\/#website\"},\"primaryImageOfPage\":{\"@id\":\"https:\\\/\\\/glbouchez.be\\\/nl\\\/georges-louis-bouchez-opnieuw-bij-voka-waalse-werkzoekenden-kunnen-in-west-vlaanderen-aan-de-slag\\\/#primaryimage\"},\"image\":{\"@id\":\"https:\\\/\\\/glbouchez.be\\\/nl\\\/georges-louis-bouchez-opnieuw-bij-voka-waalse-werkzoekenden-kunnen-in-west-vlaanderen-aan-de-slag\\\/#primaryimage\"},\"thumbnailUrl\":\"https:\\\/\\\/glbouchez.be\\\/wp-content\\\/uploads\\\/2022\\\/07\\\/52211109511_8cb7580c30_k.jpg\",\"datePublished\":\"2022-07-13T09:53:58+00:00\",\"dateModified\":\"2022-07-14T09:55:17+00:00\",\"breadcrumb\":{\"@id\":\"https:\\\/\\\/glbouchez.be\\\/nl\\\/georges-louis-bouchez-opnieuw-bij-voka-waalse-werkzoekenden-kunnen-in-west-vlaanderen-aan-de-slag\\\/#breadcrumb\"},\"inLanguage\":\"nl-NL\",\"potentialAction\":[{\"@type\":\"ReadAction\",\"target\":[\"https:\\\/\\\/glbouchez.be\\\/nl\\\/georges-louis-bouchez-opnieuw-bij-voka-waalse-werkzoekenden-kunnen-in-west-vlaanderen-aan-de-slag\\\/\"]}]},{\"@type\":\"ImageObject\",\"inLanguage\":\"nl-NL\",\"@id\":\"https:\\\/\\\/glbouchez.be\\\/nl\\\/georges-louis-bouchez-opnieuw-bij-voka-waalse-werkzoekenden-kunnen-in-west-vlaanderen-aan-de-slag\\\/#primaryimage\",\"url\":\"https:\\\/\\\/glbouchez.be\\\/wp-content\\\/uploads\\\/2022\\\/07\\\/52211109511_8cb7580c30_k.jpg\",\"contentUrl\":\"https:\\\/\\\/glbouchez.be\\\/wp-content\\\/uploads\\\/2022\\\/07\\\/52211109511_8cb7580c30_k.jpg\",\"width\":2047,\"height\":1365},{\"@type\":\"BreadcrumbList\",\"@id\":\"https:\\\/\\\/glbouchez.be\\\/nl\\\/georges-louis-bouchez-opnieuw-bij-voka-waalse-werkzoekenden-kunnen-in-west-vlaanderen-aan-de-slag\\\/#breadcrumb\",\"itemListElement\":[{\"@type\":\"ListItem\",\"position\":1,\"name\":\"Accueil\",\"item\":\"https:\\\/\\\/glbouchez.be\\\/nl\\\/\"},{\"@type\":\"ListItem\",\"position\":2,\"name\":\"Georges-Louis Bouchez opnieuw bij Voka: \u201cWaalse werkzoekenden kunnen in West-Vlaanderen aan de slag\u201d\"}]},{\"@type\":\"WebSite\",\"@id\":\"https:\\\/\\\/glbouchez.be\\\/#website\",\"url\":\"https:\\\/\\\/glbouchez.be\\\/\",\"name\":\"Georges-Louis Bouchez\",\"description\":\"Pr\u00e9sident du MR, S\u00e9nateur\",\"publisher\":{\"@id\":\"https:\\\/\\\/glbouchez.be\\\/#organization\"},\"potentialAction\":[{\"@type\":\"SearchAction\",\"target\":{\"@type\":\"EntryPoint\",\"urlTemplate\":\"https:\\\/\\\/glbouchez.be\\\/?s={search_term_string}\"},\"query-input\":{\"@type\":\"PropertyValueSpecification\",\"valueRequired\":true,\"valueName\":\"search_term_string\"}}],\"inLanguage\":\"nl-NL\"},{\"@type\":\"Organization\",\"@id\":\"https:\\\/\\\/glbouchez.be\\\/#organization\",\"name\":\"Georges-Louis Bouchez\",\"url\":\"https:\\\/\\\/glbouchez.be\\\/\",\"logo\":{\"@type\":\"ImageObject\",\"inLanguage\":\"nl-NL\",\"@id\":\"https:\\\/\\\/glbouchez.be\\\/#\\\/schema\\\/logo\\\/image\\\/\",\"url\":\"https:\\\/\\\/glbouchez.be\\\/wp-content\\\/uploads\\\/2021\\\/02\\\/Logo-GLB-siteb.png\",\"contentUrl\":\"https:\\\/\\\/glbouchez.be\\\/wp-content\\\/uploads\\\/2021\\\/02\\\/Logo-GLB-siteb.png\",\"width\":1247,\"height\":340,\"caption\":\"Georges-Louis Bouchez\"},\"image\":{\"@id\":\"https:\\\/\\\/glbouchez.be\\\/#\\\/schema\\\/logo\\\/image\\\/\"}},{\"@type\":\"Person\",\"@id\":\"https:\\\/\\\/glbouchez.be\\\/#\\\/schema\\\/person\\\/422c978ae3654d11e1a6e6575fe341f1\",\"name\":\"Orane\",\"image\":{\"@type\":\"ImageObject\",\"inLanguage\":\"nl-NL\",\"@id\":\"https:\\\/\\\/secure.gravatar.com\\\/avatar\\\/cf854708571bb72cf51c6d53adb8f7c7846588bf6e6e14d5b8f1d44aa721e049?s=96&d=mm&r=g\",\"url\":\"https:\\\/\\\/secure.gravatar.com\\\/avatar\\\/cf854708571bb72cf51c6d53adb8f7c7846588bf6e6e14d5b8f1d44aa721e049?s=96&d=mm&r=g\",\"contentUrl\":\"https:\\\/\\\/secure.gravatar.com\\\/avatar\\\/cf854708571bb72cf51c6d53adb8f7c7846588bf6e6e14d5b8f1d44aa721e049?s=96&d=mm&r=g\",\"caption\":\"Orane\"},\"url\":\"https:\\\/\\\/glbouchez.be\\\/nl\\\/author\\\/orane\\\/\"}]}<\/script>\n<!-- \/ Yoast SEO plugin. -->","yoast_head_json":{"title":"Georges-Louis Bouchez opnieuw bij Voka: \u201cWaalse werkzoekenden kunnen in West-Vlaanderen aan de slag\u201d - Georges-Louis Bouchez","robots":{"index":"index","follow":"follow","max-snippet":"max-snippet:-1","max-image-preview":"max-image-preview:large","max-video-preview":"max-video-preview:-1"},"canonical":"https:\/\/glbouchez.be\/nl\/georges-louis-bouchez-opnieuw-bij-voka-waalse-werkzoekenden-kunnen-in-west-vlaanderen-aan-de-slag\/","og_locale":"nl_NL","og_type":"article","og_title":"Georges-Louis Bouchez opnieuw bij Voka: \u201cWaalse werkzoekenden kunnen in West-Vlaanderen aan de slag\u201d - Georges-Louis Bouchez","og_description":"MR-voorzitter Georges-Louis Bouchez bracht vandaag een bezoek aan het befaamde communicatie- en technologiebedrijf Televic in Izegem. Hij kreeg een rondleiding van ceo Lieven Danneels, die hem aan de topmensen van...","og_url":"https:\/\/glbouchez.be\/nl\/georges-louis-bouchez-opnieuw-bij-voka-waalse-werkzoekenden-kunnen-in-west-vlaanderen-aan-de-slag\/","og_site_name":"Georges-Louis Bouchez","article_published_time":"2022-07-13T09:53:58+00:00","article_modified_time":"2022-07-14T09:55:17+00:00","og_image":[{"width":2047,"height":1365,"url":"https:\/\/glbouchez.be\/wp-content\/uploads\/2022\/07\/52211109511_8cb7580c30_k.jpg","type":"image\/jpeg"}],"author":"Orane","twitter_card":"summary_large_image","twitter_misc":{"Geschreven door":"Orane","Geschatte leestijd":"3 minuten"},"schema":{"@context":"https:\/\/schema.org","@graph":[{"@type":"Article","@id":"https:\/\/glbouchez.be\/nl\/georges-louis-bouchez-opnieuw-bij-voka-waalse-werkzoekenden-kunnen-in-west-vlaanderen-aan-de-slag\/#article","isPartOf":{"@id":"https:\/\/glbouchez.be\/nl\/georges-louis-bouchez-opnieuw-bij-voka-waalse-werkzoekenden-kunnen-in-west-vlaanderen-aan-de-slag\/"},"author":{"name":"Orane","@id":"https:\/\/glbouchez.be\/#\/schema\/person\/422c978ae3654d11e1a6e6575fe341f1"},"headline":"Georges-Louis Bouchez opnieuw bij Voka: \u201cWaalse werkzoekenden kunnen in West-Vlaanderen aan de slag\u201d","datePublished":"2022-07-13T09:53:58+00:00","dateModified":"2022-07-14T09:55:17+00:00","mainEntityOfPage":{"@id":"https:\/\/glbouchez.be\/nl\/georges-louis-bouchez-opnieuw-bij-voka-waalse-werkzoekenden-kunnen-in-west-vlaanderen-aan-de-slag\/"},"wordCount":479,"publisher":{"@id":"https:\/\/glbouchez.be\/#organization"},"image":{"@id":"https:\/\/glbouchez.be\/nl\/georges-louis-bouchez-opnieuw-bij-voka-waalse-werkzoekenden-kunnen-in-west-vlaanderen-aan-de-slag\/#primaryimage"},"thumbnailUrl":"https:\/\/glbouchez.be\/wp-content\/uploads\/2022\/07\/52211109511_8cb7580c30_k.jpg","articleSection":["In de media","Nieuws"],"inLanguage":"nl-NL"},{"@type":"WebPage","@id":"https:\/\/glbouchez.be\/nl\/georges-louis-bouchez-opnieuw-bij-voka-waalse-werkzoekenden-kunnen-in-west-vlaanderen-aan-de-slag\/","url":"https:\/\/glbouchez.be\/nl\/georges-louis-bouchez-opnieuw-bij-voka-waalse-werkzoekenden-kunnen-in-west-vlaanderen-aan-de-slag\/","name":"Georges-Louis Bouchez opnieuw bij Voka: \u201cWaalse werkzoekenden kunnen in West-Vlaanderen aan de slag\u201d - Georges-Louis Bouchez","isPartOf":{"@id":"https:\/\/glbouchez.be\/#website"},"primaryImageOfPage":{"@id":"https:\/\/glbouchez.be\/nl\/georges-louis-bouchez-opnieuw-bij-voka-waalse-werkzoekenden-kunnen-in-west-vlaanderen-aan-de-slag\/#primaryimage"},"image":{"@id":"https:\/\/glbouchez.be\/nl\/georges-louis-bouchez-opnieuw-bij-voka-waalse-werkzoekenden-kunnen-in-west-vlaanderen-aan-de-slag\/#primaryimage"},"thumbnailUrl":"https:\/\/glbouchez.be\/wp-content\/uploads\/2022\/07\/52211109511_8cb7580c30_k.jpg","datePublished":"2022-07-13T09:53:58+00:00","dateModified":"2022-07-14T09:55:17+00:00","breadcrumb":{"@id":"https:\/\/glbouchez.be\/nl\/georges-louis-bouchez-opnieuw-bij-voka-waalse-werkzoekenden-kunnen-in-west-vlaanderen-aan-de-slag\/#breadcrumb"},"inLanguage":"nl-NL","potentialAction":[{"@type":"ReadAction","target":["https:\/\/glbouchez.be\/nl\/georges-louis-bouchez-opnieuw-bij-voka-waalse-werkzoekenden-kunnen-in-west-vlaanderen-aan-de-slag\/"]}]},{"@type":"ImageObject","inLanguage":"nl-NL","@id":"https:\/\/glbouchez.be\/nl\/georges-louis-bouchez-opnieuw-bij-voka-waalse-werkzoekenden-kunnen-in-west-vlaanderen-aan-de-slag\/#primaryimage","url":"https:\/\/glbouchez.be\/wp-content\/uploads\/2022\/07\/52211109511_8cb7580c30_k.jpg","contentUrl":"https:\/\/glbouchez.be\/wp-content\/uploads\/2022\/07\/52211109511_8cb7580c30_k.jpg","width":2047,"height":1365},{"@type":"BreadcrumbList","@id":"https:\/\/glbouchez.be\/nl\/georges-louis-bouchez-opnieuw-bij-voka-waalse-werkzoekenden-kunnen-in-west-vlaanderen-aan-de-slag\/#breadcrumb","itemListElement":[{"@type":"ListItem","position":1,"name":"Accueil","item":"https:\/\/glbouchez.be\/nl\/"},{"@type":"ListItem","position":2,"name":"Georges-Louis Bouchez opnieuw bij Voka: \u201cWaalse werkzoekenden kunnen in West-Vlaanderen aan de slag\u201d"}]},{"@type":"WebSite","@id":"https:\/\/glbouchez.be\/#website","url":"https:\/\/glbouchez.be\/","name":"Georges-Louis Bouchez","description":"Pr\u00e9sident du MR, S\u00e9nateur","publisher":{"@id":"https:\/\/glbouchez.be\/#organization"},"potentialAction":[{"@type":"SearchAction","target":{"@type":"EntryPoint","urlTemplate":"https:\/\/glbouchez.be\/?s={search_term_string}"},"query-input":{"@type":"PropertyValueSpecification","valueRequired":true,"valueName":"search_term_string"}}],"inLanguage":"nl-NL"},{"@type":"Organization","@id":"https:\/\/glbouchez.be\/#organization","name":"Georges-Louis Bouchez","url":"https:\/\/glbouchez.be\/","logo":{"@type":"ImageObject","inLanguage":"nl-NL","@id":"https:\/\/glbouchez.be\/#\/schema\/logo\/image\/","url":"https:\/\/glbouchez.be\/wp-content\/uploads\/2021\/02\/Logo-GLB-siteb.png","contentUrl":"https:\/\/glbouchez.be\/wp-content\/uploads\/2021\/02\/Logo-GLB-siteb.png","width":1247,"height":340,"caption":"Georges-Louis Bouchez"},"image":{"@id":"https:\/\/glbouchez.be\/#\/schema\/logo\/image\/"}},{"@type":"Person","@id":"https:\/\/glbouchez.be\/#\/schema\/person\/422c978ae3654d11e1a6e6575fe341f1","name":"Orane","image":{"@type":"ImageObject","inLanguage":"nl-NL","@id":"https:\/\/secure.gravatar.com\/avatar\/cf854708571bb72cf51c6d53adb8f7c7846588bf6e6e14d5b8f1d44aa721e049?s=96&d=mm&r=g","url":"https:\/\/secure.gravatar.com\/avatar\/cf854708571bb72cf51c6d53adb8f7c7846588bf6e6e14d5b8f1d44aa721e049?s=96&d=mm&r=g","contentUrl":"https:\/\/secure.gravatar.com\/avatar\/cf854708571bb72cf51c6d53adb8f7c7846588bf6e6e14d5b8f1d44aa721e049?s=96&d=mm&r=g","caption":"Orane"},"url":"https:\/\/glbouchez.be\/nl\/author\/orane\/"}]}},"_links":{"self":[{"href":"https:\/\/glbouchez.be\/nl\/wp-json\/wp\/v2\/posts\/11304","targetHints":{"allow":["GET"]}}],"collection":[{"href":"https:\/\/glbouchez.be\/nl\/wp-json\/wp\/v2\/posts"}],"about":[{"href":"https:\/\/glbouchez.be\/nl\/wp-json\/wp\/v2\/types\/post"}],"author":[{"embeddable":true,"href":"https:\/\/glbouchez.be\/nl\/wp-json\/wp\/v2\/users\/2"}],"replies":[{"embeddable":true,"href":"https:\/\/glbouchez.be\/nl\/wp-json\/wp\/v2\/comments?post=11304"}],"version-history":[{"count":1,"href":"https:\/\/glbouchez.be\/nl\/wp-json\/wp\/v2\/posts\/11304\/revisions"}],"predecessor-version":[{"id":11305,"href":"https:\/\/glbouchez.be\/nl\/wp-json\/wp\/v2\/posts\/11304\/revisions\/11305"}],"wp:featuredmedia":[{"embeddable":true,"href":"https:\/\/glbouchez.be\/nl\/wp-json\/wp\/v2\/media\/11298"}],"wp:attachment":[{"href":"https:\/\/glbouchez.be\/nl\/wp-json\/wp\/v2\/media?parent=11304"}],"wp:term":[{"taxonomy":"category","embeddable":true,"href":"https:\/\/glbouchez.be\/nl\/wp-json\/wp\/v2\/categories?post=11304"},{"taxonomy":"post_tag","embeddable":true,"href":"https:\/\/glbouchez.be\/nl\/wp-json\/wp\/v2\/tags?post=11304"}],"curies":[{"name":"wp","href":"https:\/\/api.w.org\/{rel}","templated":true}]}}