{"id":15889,"date":"2022-11-19T12:07:54","date_gmt":"2022-11-19T11:07:54","guid":{"rendered":"https:\/\/glbouchez.be\/?p=15889"},"modified":"2022-11-20T12:33:38","modified_gmt":"2022-11-20T11:33:38","slug":"georges-louis-bouchez-chroniqueur-de-la-coupe-du-monde-pour-het-nieuwsblad","status":"publish","type":"post","link":"https:\/\/glbouchez.be\/nl\/georges-louis-bouchez-chroniqueur-de-la-coupe-du-monde-pour-het-nieuwsblad\/","title":{"rendered":"Georges-Louis Bouchez chroniqueur de la Coupe du monde pour Het Nieuwsblad"},"content":{"rendered":"<p>Georges-Louis Bouchez est non seulement pr\u00e9sident du MR mais aussi du Royal Francs Borains, club de football vert et blanc du Hainaut qui \u00e9volue en National 1. C&#8217;est donc un vrai fan de football et il conna\u00eet le jeu. D\u00e8s son plus jeune \u00e2ge, il a soutenu l&#8217;outsider Racing Genk et le Paris Saint Germain. Et comme sa maman est une fervente Italienne, GLB partage son amour national entre les Diables Rouges et la Squadra Azzurra.<\/p>\n<p>Sa passion pour le ballon n&#8217;a pas \u00e9chapp\u00e9 aux m\u00e9dias flamands. \u00c0 partir du 22 novembre, il appara\u00eetra chaque mardi et vendredi avec une chronique sur la Coupe du monde dans Sportwereld, le journal sportif du journal Het Nieuwsblad. Le c\u0153ur sur la main, il apportera son \u00e9clairage deux fois par semaine sur la Coupe du monde au Qatar et les matches de notre \u00e9quipe nationale.<\/p>\n<p>Le coup d\u2019envoi sera donn\u00e9 avec une interview sur son amour du football dans le journal de ce week-end.<\/p>\n<p>&nbsp;<\/p>\n<h3 style=\"text-align: center;\"><a href=\"https:\/\/m.nieuwsblad.be\/cnt\/dmf20221118_97453370\">Lire l&#8217;article dans son int\u00e9gralit\u00e9<\/a><\/h3>\n<p>&nbsp;<\/p>\n","protected":false},"excerpt":{"rendered":"<p>Georges-Louis Bouchez est non seulement pr\u00e9sident du MR mais aussi du Royal Francs Borains, club de football vert et blanc du Hainaut qui \u00e9volue en National 1. C&#8217;est donc un&#8230;<\/p>\n","protected":false},"author":4,"featured_media":8508,"comment_status":"closed","ping_status":"closed","sticky":false,"template":"","format":"standard","meta":{"footnotes":""},"categories":[1],"tags":[],"class_list":{"0":"post-15889","1":"post","2":"type-post","3":"status-publish","4":"format-standard","5":"has-post-thumbnail","7":"category-actu"},"yoast_head":"<!-- This site is optimized with the Yoast SEO plugin v27.5 - https:\/\/yoast.com\/product\/yoast-seo-wordpress\/ -->\n<title>Georges-Louis Bouchez chroniqueur de la Coupe du monde pour Het Nieuwsblad - Georges-Louis Bouchez<\/title>\n<meta name=\"robots\" content=\"index, follow, max-snippet:-1, max-image-preview:large, max-video-preview:-1\" \/>\n<link rel=\"canonical\" href=\"https:\/\/glbouchez.be\/nl\/georges-louis-bouchez-chroniqueur-de-la-coupe-du-monde-pour-het-nieuwsblad\/\" \/>\n<meta property=\"og:locale\" content=\"nl_NL\" \/>\n<meta property=\"og:type\" content=\"article\" \/>\n<meta property=\"og:title\" content=\"Georges-Louis Bouchez chroniqueur de la Coupe du monde pour Het Nieuwsblad - Georges-Louis Bouchez\" \/>\n<meta property=\"og:description\" content=\"Georges-Louis Bouchez est non seulement pr\u00e9sident du MR mais aussi du Royal Francs Borains, club de football vert et blanc du Hainaut qui \u00e9volue en National 1. C&#8217;est donc un...\" \/>\n<meta property=\"og:url\" content=\"https:\/\/glbouchez.be\/nl\/georges-louis-bouchez-chroniqueur-de-la-coupe-du-monde-pour-het-nieuwsblad\/\" \/>\n<meta property=\"og:site_name\" content=\"Georges-Louis Bouchez\" \/>\n<meta property=\"article:published_time\" content=\"2022-11-19T11:07:54+00:00\" \/>\n<meta property=\"article:modified_time\" content=\"2022-11-20T11:33:38+00:00\" \/>\n<meta property=\"og:image\" content=\"https:\/\/glbouchez.be\/wp-content\/uploads\/2022\/05\/52051916624_2402f5aab5_k.jpg\" \/>\n\t<meta property=\"og:image:width\" content=\"2047\" \/>\n\t<meta property=\"og:image:height\" content=\"1365\" \/>\n\t<meta property=\"og:image:type\" content=\"image\/jpeg\" \/>\n<meta name=\"author\" content=\"Alice\" \/>\n<meta name=\"twitter:card\" content=\"summary_large_image\" \/>\n<meta name=\"twitter:label1\" content=\"Geschreven door\" \/>\n\t<meta name=\"twitter:data1\" content=\"Alice\" \/>\n\t<meta name=\"twitter:label2\" content=\"Geschatte leestijd\" \/>\n\t<meta name=\"twitter:data2\" content=\"1 minuut\" \/>\n<script type=\"application\/ld+json\" class=\"yoast-schema-graph\">{\"@context\":\"https:\\\/\\\/schema.org\",\"@graph\":[{\"@type\":\"Article\",\"@id\":\"https:\\\/\\\/glbouchez.be\\\/nl\\\/georges-louis-bouchez-chroniqueur-de-la-coupe-du-monde-pour-het-nieuwsblad\\\/#article\",\"isPartOf\":{\"@id\":\"https:\\\/\\\/glbouchez.be\\\/nl\\\/georges-louis-bouchez-chroniqueur-de-la-coupe-du-monde-pour-het-nieuwsblad\\\/\"},\"author\":{\"name\":\"Alice\",\"@id\":\"https:\\\/\\\/glbouchez.be\\\/#\\\/schema\\\/person\\\/20ae72084ac17e5e2f1ccdce45451a7d\"},\"headline\":\"Georges-Louis Bouchez chroniqueur de la Coupe du monde pour Het Nieuwsblad\",\"datePublished\":\"2022-11-19T11:07:54+00:00\",\"dateModified\":\"2022-11-20T11:33:38+00:00\",\"mainEntityOfPage\":{\"@id\":\"https:\\\/\\\/glbouchez.be\\\/nl\\\/georges-louis-bouchez-chroniqueur-de-la-coupe-du-monde-pour-het-nieuwsblad\\\/\"},\"wordCount\":188,\"publisher\":{\"@id\":\"https:\\\/\\\/glbouchez.be\\\/#organization\"},\"image\":{\"@id\":\"https:\\\/\\\/glbouchez.be\\\/nl\\\/georges-louis-bouchez-chroniqueur-de-la-coupe-du-monde-pour-het-nieuwsblad\\\/#primaryimage\"},\"thumbnailUrl\":\"https:\\\/\\\/glbouchez.be\\\/wp-content\\\/uploads\\\/2022\\\/05\\\/52051916624_2402f5aab5_k.jpg\",\"articleSection\":[\"Actu\"],\"inLanguage\":\"nl-NL\"},{\"@type\":\"WebPage\",\"@id\":\"https:\\\/\\\/glbouchez.be\\\/nl\\\/georges-louis-bouchez-chroniqueur-de-la-coupe-du-monde-pour-het-nieuwsblad\\\/\",\"url\":\"https:\\\/\\\/glbouchez.be\\\/nl\\\/georges-louis-bouchez-chroniqueur-de-la-coupe-du-monde-pour-het-nieuwsblad\\\/\",\"name\":\"Georges-Louis Bouchez chroniqueur de la Coupe du monde pour Het Nieuwsblad - Georges-Louis Bouchez\",\"isPartOf\":{\"@id\":\"https:\\\/\\\/glbouchez.be\\\/#website\"},\"primaryImageOfPage\":{\"@id\":\"https:\\\/\\\/glbouchez.be\\\/nl\\\/georges-louis-bouchez-chroniqueur-de-la-coupe-du-monde-pour-het-nieuwsblad\\\/#primaryimage\"},\"image\":{\"@id\":\"https:\\\/\\\/glbouchez.be\\\/nl\\\/georges-louis-bouchez-chroniqueur-de-la-coupe-du-monde-pour-het-nieuwsblad\\\/#primaryimage\"},\"thumbnailUrl\":\"https:\\\/\\\/glbouchez.be\\\/wp-content\\\/uploads\\\/2022\\\/05\\\/52051916624_2402f5aab5_k.jpg\",\"datePublished\":\"2022-11-19T11:07:54+00:00\",\"dateModified\":\"2022-11-20T11:33:38+00:00\",\"breadcrumb\":{\"@id\":\"https:\\\/\\\/glbouchez.be\\\/nl\\\/georges-louis-bouchez-chroniqueur-de-la-coupe-du-monde-pour-het-nieuwsblad\\\/#breadcrumb\"},\"inLanguage\":\"nl-NL\",\"potentialAction\":[{\"@type\":\"ReadAction\",\"target\":[\"https:\\\/\\\/glbouchez.be\\\/nl\\\/georges-louis-bouchez-chroniqueur-de-la-coupe-du-monde-pour-het-nieuwsblad\\\/\"]}]},{\"@type\":\"ImageObject\",\"inLanguage\":\"nl-NL\",\"@id\":\"https:\\\/\\\/glbouchez.be\\\/nl\\\/georges-louis-bouchez-chroniqueur-de-la-coupe-du-monde-pour-het-nieuwsblad\\\/#primaryimage\",\"url\":\"https:\\\/\\\/glbouchez.be\\\/wp-content\\\/uploads\\\/2022\\\/05\\\/52051916624_2402f5aab5_k.jpg\",\"contentUrl\":\"https:\\\/\\\/glbouchez.be\\\/wp-content\\\/uploads\\\/2022\\\/05\\\/52051916624_2402f5aab5_k.jpg\",\"width\":2047,\"height\":1365},{\"@type\":\"BreadcrumbList\",\"@id\":\"https:\\\/\\\/glbouchez.be\\\/nl\\\/georges-louis-bouchez-chroniqueur-de-la-coupe-du-monde-pour-het-nieuwsblad\\\/#breadcrumb\",\"itemListElement\":[{\"@type\":\"ListItem\",\"position\":1,\"name\":\"Accueil\",\"item\":\"https:\\\/\\\/glbouchez.be\\\/nl\\\/\"},{\"@type\":\"ListItem\",\"position\":2,\"name\":\"Georges-Louis Bouchez chroniqueur de la Coupe du monde pour Het Nieuwsblad\"}]},{\"@type\":\"WebSite\",\"@id\":\"https:\\\/\\\/glbouchez.be\\\/#website\",\"url\":\"https:\\\/\\\/glbouchez.be\\\/\",\"name\":\"Georges-Louis Bouchez\",\"description\":\"Pr\u00e9sident du MR, S\u00e9nateur\",\"publisher\":{\"@id\":\"https:\\\/\\\/glbouchez.be\\\/#organization\"},\"potentialAction\":[{\"@type\":\"SearchAction\",\"target\":{\"@type\":\"EntryPoint\",\"urlTemplate\":\"https:\\\/\\\/glbouchez.be\\\/?s={search_term_string}\"},\"query-input\":{\"@type\":\"PropertyValueSpecification\",\"valueRequired\":true,\"valueName\":\"search_term_string\"}}],\"inLanguage\":\"nl-NL\"},{\"@type\":\"Organization\",\"@id\":\"https:\\\/\\\/glbouchez.be\\\/#organization\",\"name\":\"Georges-Louis Bouchez\",\"url\":\"https:\\\/\\\/glbouchez.be\\\/\",\"logo\":{\"@type\":\"ImageObject\",\"inLanguage\":\"nl-NL\",\"@id\":\"https:\\\/\\\/glbouchez.be\\\/#\\\/schema\\\/logo\\\/image\\\/\",\"url\":\"https:\\\/\\\/glbouchez.be\\\/wp-content\\\/uploads\\\/2021\\\/02\\\/Logo-GLB-siteb.png\",\"contentUrl\":\"https:\\\/\\\/glbouchez.be\\\/wp-content\\\/uploads\\\/2021\\\/02\\\/Logo-GLB-siteb.png\",\"width\":1247,\"height\":340,\"caption\":\"Georges-Louis Bouchez\"},\"image\":{\"@id\":\"https:\\\/\\\/glbouchez.be\\\/#\\\/schema\\\/logo\\\/image\\\/\"}},{\"@type\":\"Person\",\"@id\":\"https:\\\/\\\/glbouchez.be\\\/#\\\/schema\\\/person\\\/20ae72084ac17e5e2f1ccdce45451a7d\",\"name\":\"Alice\",\"image\":{\"@type\":\"ImageObject\",\"inLanguage\":\"nl-NL\",\"@id\":\"https:\\\/\\\/secure.gravatar.com\\\/avatar\\\/8deff41779f556c6dcf953cc56aa24d8817b620b629a8dcdba2cdc8f942c38ba?s=96&d=mm&r=g\",\"url\":\"https:\\\/\\\/secure.gravatar.com\\\/avatar\\\/8deff41779f556c6dcf953cc56aa24d8817b620b629a8dcdba2cdc8f942c38ba?s=96&d=mm&r=g\",\"contentUrl\":\"https:\\\/\\\/secure.gravatar.com\\\/avatar\\\/8deff41779f556c6dcf953cc56aa24d8817b620b629a8dcdba2cdc8f942c38ba?s=96&d=mm&r=g\",\"caption\":\"Alice\"},\"url\":\"https:\\\/\\\/glbouchez.be\\\/nl\\\/author\\\/alice\\\/\"}]}<\/script>\n<!-- \/ Yoast SEO plugin. -->","yoast_head_json":{"title":"Georges-Louis Bouchez chroniqueur de la Coupe du monde pour Het Nieuwsblad - Georges-Louis Bouchez","robots":{"index":"index","follow":"follow","max-snippet":"max-snippet:-1","max-image-preview":"max-image-preview:large","max-video-preview":"max-video-preview:-1"},"canonical":"https:\/\/glbouchez.be\/nl\/georges-louis-bouchez-chroniqueur-de-la-coupe-du-monde-pour-het-nieuwsblad\/","og_locale":"nl_NL","og_type":"article","og_title":"Georges-Louis Bouchez chroniqueur de la Coupe du monde pour Het Nieuwsblad - Georges-Louis Bouchez","og_description":"Georges-Louis Bouchez est non seulement pr\u00e9sident du MR mais aussi du Royal Francs Borains, club de football vert et blanc du Hainaut qui \u00e9volue en National 1. C&#8217;est donc un...","og_url":"https:\/\/glbouchez.be\/nl\/georges-louis-bouchez-chroniqueur-de-la-coupe-du-monde-pour-het-nieuwsblad\/","og_site_name":"Georges-Louis Bouchez","article_published_time":"2022-11-19T11:07:54+00:00","article_modified_time":"2022-11-20T11:33:38+00:00","og_image":[{"width":2047,"height":1365,"url":"https:\/\/glbouchez.be\/wp-content\/uploads\/2022\/05\/52051916624_2402f5aab5_k.jpg","type":"image\/jpeg"}],"author":"Alice","twitter_card":"summary_large_image","twitter_misc":{"Geschreven door":"Alice","Geschatte leestijd":"1 minuut"},"schema":{"@context":"https:\/\/schema.org","@graph":[{"@type":"Article","@id":"https:\/\/glbouchez.be\/nl\/georges-louis-bouchez-chroniqueur-de-la-coupe-du-monde-pour-het-nieuwsblad\/#article","isPartOf":{"@id":"https:\/\/glbouchez.be\/nl\/georges-louis-bouchez-chroniqueur-de-la-coupe-du-monde-pour-het-nieuwsblad\/"},"author":{"name":"Alice","@id":"https:\/\/glbouchez.be\/#\/schema\/person\/20ae72084ac17e5e2f1ccdce45451a7d"},"headline":"Georges-Louis Bouchez chroniqueur de la Coupe du monde pour Het Nieuwsblad","datePublished":"2022-11-19T11:07:54+00:00","dateModified":"2022-11-20T11:33:38+00:00","mainEntityOfPage":{"@id":"https:\/\/glbouchez.be\/nl\/georges-louis-bouchez-chroniqueur-de-la-coupe-du-monde-pour-het-nieuwsblad\/"},"wordCount":188,"publisher":{"@id":"https:\/\/glbouchez.be\/#organization"},"image":{"@id":"https:\/\/glbouchez.be\/nl\/georges-louis-bouchez-chroniqueur-de-la-coupe-du-monde-pour-het-nieuwsblad\/#primaryimage"},"thumbnailUrl":"https:\/\/glbouchez.be\/wp-content\/uploads\/2022\/05\/52051916624_2402f5aab5_k.jpg","articleSection":["Actu"],"inLanguage":"nl-NL"},{"@type":"WebPage","@id":"https:\/\/glbouchez.be\/nl\/georges-louis-bouchez-chroniqueur-de-la-coupe-du-monde-pour-het-nieuwsblad\/","url":"https:\/\/glbouchez.be\/nl\/georges-louis-bouchez-chroniqueur-de-la-coupe-du-monde-pour-het-nieuwsblad\/","name":"Georges-Louis Bouchez chroniqueur de la Coupe du monde pour Het Nieuwsblad - Georges-Louis Bouchez","isPartOf":{"@id":"https:\/\/glbouchez.be\/#website"},"primaryImageOfPage":{"@id":"https:\/\/glbouchez.be\/nl\/georges-louis-bouchez-chroniqueur-de-la-coupe-du-monde-pour-het-nieuwsblad\/#primaryimage"},"image":{"@id":"https:\/\/glbouchez.be\/nl\/georges-louis-bouchez-chroniqueur-de-la-coupe-du-monde-pour-het-nieuwsblad\/#primaryimage"},"thumbnailUrl":"https:\/\/glbouchez.be\/wp-content\/uploads\/2022\/05\/52051916624_2402f5aab5_k.jpg","datePublished":"2022-11-19T11:07:54+00:00","dateModified":"2022-11-20T11:33:38+00:00","breadcrumb":{"@id":"https:\/\/glbouchez.be\/nl\/georges-louis-bouchez-chroniqueur-de-la-coupe-du-monde-pour-het-nieuwsblad\/#breadcrumb"},"inLanguage":"nl-NL","potentialAction":[{"@type":"ReadAction","target":["https:\/\/glbouchez.be\/nl\/georges-louis-bouchez-chroniqueur-de-la-coupe-du-monde-pour-het-nieuwsblad\/"]}]},{"@type":"ImageObject","inLanguage":"nl-NL","@id":"https:\/\/glbouchez.be\/nl\/georges-louis-bouchez-chroniqueur-de-la-coupe-du-monde-pour-het-nieuwsblad\/#primaryimage","url":"https:\/\/glbouchez.be\/wp-content\/uploads\/2022\/05\/52051916624_2402f5aab5_k.jpg","contentUrl":"https:\/\/glbouchez.be\/wp-content\/uploads\/2022\/05\/52051916624_2402f5aab5_k.jpg","width":2047,"height":1365},{"@type":"BreadcrumbList","@id":"https:\/\/glbouchez.be\/nl\/georges-louis-bouchez-chroniqueur-de-la-coupe-du-monde-pour-het-nieuwsblad\/#breadcrumb","itemListElement":[{"@type":"ListItem","position":1,"name":"Accueil","item":"https:\/\/glbouchez.be\/nl\/"},{"@type":"ListItem","position":2,"name":"Georges-Louis Bouchez chroniqueur de la Coupe du monde pour Het Nieuwsblad"}]},{"@type":"WebSite","@id":"https:\/\/glbouchez.be\/#website","url":"https:\/\/glbouchez.be\/","name":"Georges-Louis Bouchez","description":"Pr\u00e9sident du MR, S\u00e9nateur","publisher":{"@id":"https:\/\/glbouchez.be\/#organization"},"potentialAction":[{"@type":"SearchAction","target":{"@type":"EntryPoint","urlTemplate":"https:\/\/glbouchez.be\/?s={search_term_string}"},"query-input":{"@type":"PropertyValueSpecification","valueRequired":true,"valueName":"search_term_string"}}],"inLanguage":"nl-NL"},{"@type":"Organization","@id":"https:\/\/glbouchez.be\/#organization","name":"Georges-Louis Bouchez","url":"https:\/\/glbouchez.be\/","logo":{"@type":"ImageObject","inLanguage":"nl-NL","@id":"https:\/\/glbouchez.be\/#\/schema\/logo\/image\/","url":"https:\/\/glbouchez.be\/wp-content\/uploads\/2021\/02\/Logo-GLB-siteb.png","contentUrl":"https:\/\/glbouchez.be\/wp-content\/uploads\/2021\/02\/Logo-GLB-siteb.png","width":1247,"height":340,"caption":"Georges-Louis Bouchez"},"image":{"@id":"https:\/\/glbouchez.be\/#\/schema\/logo\/image\/"}},{"@type":"Person","@id":"https:\/\/glbouchez.be\/#\/schema\/person\/20ae72084ac17e5e2f1ccdce45451a7d","name":"Alice","image":{"@type":"ImageObject","inLanguage":"nl-NL","@id":"https:\/\/secure.gravatar.com\/avatar\/8deff41779f556c6dcf953cc56aa24d8817b620b629a8dcdba2cdc8f942c38ba?s=96&d=mm&r=g","url":"https:\/\/secure.gravatar.com\/avatar\/8deff41779f556c6dcf953cc56aa24d8817b620b629a8dcdba2cdc8f942c38ba?s=96&d=mm&r=g","contentUrl":"https:\/\/secure.gravatar.com\/avatar\/8deff41779f556c6dcf953cc56aa24d8817b620b629a8dcdba2cdc8f942c38ba?s=96&d=mm&r=g","caption":"Alice"},"url":"https:\/\/glbouchez.be\/nl\/author\/alice\/"}]}},"_links":{"self":[{"href":"https:\/\/glbouchez.be\/nl\/wp-json\/wp\/v2\/posts\/15889","targetHints":{"allow":["GET"]}}],"collection":[{"href":"https:\/\/glbouchez.be\/nl\/wp-json\/wp\/v2\/posts"}],"about":[{"href":"https:\/\/glbouchez.be\/nl\/wp-json\/wp\/v2\/types\/post"}],"author":[{"embeddable":true,"href":"https:\/\/glbouchez.be\/nl\/wp-json\/wp\/v2\/users\/4"}],"replies":[{"embeddable":true,"href":"https:\/\/glbouchez.be\/nl\/wp-json\/wp\/v2\/comments?post=15889"}],"version-history":[{"count":2,"href":"https:\/\/glbouchez.be\/nl\/wp-json\/wp\/v2\/posts\/15889\/revisions"}],"predecessor-version":[{"id":15922,"href":"https:\/\/glbouchez.be\/nl\/wp-json\/wp\/v2\/posts\/15889\/revisions\/15922"}],"wp:featuredmedia":[{"embeddable":true,"href":"https:\/\/glbouchez.be\/nl\/wp-json\/wp\/v2\/media\/8508"}],"wp:attachment":[{"href":"https:\/\/glbouchez.be\/nl\/wp-json\/wp\/v2\/media?parent=15889"}],"wp:term":[{"taxonomy":"category","embeddable":true,"href":"https:\/\/glbouchez.be\/nl\/wp-json\/wp\/v2\/categories?post=15889"},{"taxonomy":"post_tag","embeddable":true,"href":"https:\/\/glbouchez.be\/nl\/wp-json\/wp\/v2\/tags?post=15889"}],"curies":[{"name":"wp","href":"https:\/\/api.w.org\/{rel}","templated":true}]}}