{"id":25581,"date":"2023-10-31T15:43:14","date_gmt":"2023-10-31T14:43:14","guid":{"rendered":"https:\/\/glbouchez.be\/?p=25581"},"modified":"2023-10-31T15:43:14","modified_gmt":"2023-10-31T14:43:14","slug":"royal-francs-borains-spelen-16de-finale-van-beker-van-belgie-bij-stvv","status":"publish","type":"post","link":"https:\/\/glbouchez.be\/nl\/royal-francs-borains-spelen-16de-finale-van-beker-van-belgie-bij-stvv\/","title":{"rendered":"Royal Francs Borains spelen 16de finale van Beker van Belgi\u00eb bij STVV"},"content":{"rendered":"<p><strong>Op dinsdagavond 31 oktober spelen de Royal Francs Borains voor de 16<sup>de<\/sup> finales van de Beker van Belgi\u00eb op het veld van Sint-Truiden. We zijn underdog tegen STVV, maar we nemen de beker heel serieus.<\/strong><\/p>\n<p>Voor een club als de onze, met een klein budget, is elke grote affiche die we kunnen afdwingen in het bekerparcours een bonus in het financi\u00eble plan. Ik hoop dat we na deze wedstrijd nog \u00e9\u00e9n of twee mooie bekeraffiches kunnen spelen op ons eigen terrein in Boussu. Afspraak met alle supporters vanavond op Stayen!<\/p>\n<p style=\"text-align: center;\">\n<strong><a href=\"https:\/\/m.hbvl.be\/cnt\/dmf20231030_94977678\">Hier leest u mijn interview met Het Belang van Limburg<\/a><\/strong><\/p>\n<p>&nbsp;<\/p>\n","protected":false},"excerpt":{"rendered":"<p>Op dinsdagavond 31 oktober spelen de Royal Francs Borains voor de 16de finales van de Beker van Belgi\u00eb op het veld van Sint-Truiden. We zijn underdog tegen STVV, maar we&#8230;<\/p>\n","protected":false},"author":2,"featured_media":25578,"comment_status":"closed","ping_status":"closed","sticky":false,"template":"","format":"standard","meta":{"footnotes":""},"categories":[276,269],"tags":[],"class_list":{"0":"post-25581","1":"post","2":"type-post","3":"status-publish","4":"format-standard","5":"has-post-thumbnail","7":"category-media","8":"category-nieuws"},"yoast_head":"<!-- This site is optimized with the Yoast SEO plugin v27.5 - https:\/\/yoast.com\/product\/yoast-seo-wordpress\/ -->\n<title>Royal Francs Borains spelen 16de finale van Beker van Belgi\u00eb bij STVV - Georges-Louis Bouchez<\/title>\n<meta name=\"robots\" content=\"index, follow, max-snippet:-1, max-image-preview:large, max-video-preview:-1\" \/>\n<link rel=\"canonical\" href=\"https:\/\/glbouchez.be\/nl\/royal-francs-borains-spelen-16de-finale-van-beker-van-belgie-bij-stvv\/\" \/>\n<meta property=\"og:locale\" content=\"nl_NL\" \/>\n<meta property=\"og:type\" content=\"article\" \/>\n<meta property=\"og:title\" content=\"Royal Francs Borains spelen 16de finale van Beker van Belgi\u00eb bij STVV - Georges-Louis Bouchez\" \/>\n<meta property=\"og:description\" content=\"Op dinsdagavond 31 oktober spelen de Royal Francs Borains voor de 16de finales van de Beker van Belgi\u00eb op het veld van Sint-Truiden. We zijn underdog tegen STVV, maar we...\" \/>\n<meta property=\"og:url\" content=\"https:\/\/glbouchez.be\/nl\/royal-francs-borains-spelen-16de-finale-van-beker-van-belgie-bij-stvv\/\" \/>\n<meta property=\"og:site_name\" content=\"Georges-Louis Bouchez\" \/>\n<meta property=\"article:published_time\" content=\"2023-10-31T14:43:14+00:00\" \/>\n<meta property=\"og:image\" content=\"https:\/\/glbouchez.be\/wp-content\/uploads\/2023\/10\/23-05-31-GLB-FrancBorains-5-min-scaled.jpg\" \/>\n\t<meta property=\"og:image:width\" content=\"2560\" \/>\n\t<meta property=\"og:image:height\" content=\"1707\" \/>\n\t<meta property=\"og:image:type\" content=\"image\/jpeg\" \/>\n<meta name=\"author\" content=\"Orane\" \/>\n<meta name=\"twitter:card\" content=\"summary_large_image\" \/>\n<meta name=\"twitter:label1\" content=\"Geschreven door\" \/>\n\t<meta name=\"twitter:data1\" content=\"Orane\" \/>\n\t<meta name=\"twitter:label2\" content=\"Geschatte leestijd\" \/>\n\t<meta name=\"twitter:data2\" content=\"1 minuut\" \/>\n<script type=\"application\/ld+json\" class=\"yoast-schema-graph\">{\"@context\":\"https:\\\/\\\/schema.org\",\"@graph\":[{\"@type\":\"Article\",\"@id\":\"https:\\\/\\\/glbouchez.be\\\/nl\\\/royal-francs-borains-spelen-16de-finale-van-beker-van-belgie-bij-stvv\\\/#article\",\"isPartOf\":{\"@id\":\"https:\\\/\\\/glbouchez.be\\\/nl\\\/royal-francs-borains-spelen-16de-finale-van-beker-van-belgie-bij-stvv\\\/\"},\"author\":{\"name\":\"Orane\",\"@id\":\"https:\\\/\\\/glbouchez.be\\\/#\\\/schema\\\/person\\\/422c978ae3654d11e1a6e6575fe341f1\"},\"headline\":\"Royal Francs Borains spelen 16de finale van Beker van Belgi\u00eb bij STVV\",\"datePublished\":\"2023-10-31T14:43:14+00:00\",\"mainEntityOfPage\":{\"@id\":\"https:\\\/\\\/glbouchez.be\\\/nl\\\/royal-francs-borains-spelen-16de-finale-van-beker-van-belgie-bij-stvv\\\/\"},\"wordCount\":113,\"publisher\":{\"@id\":\"https:\\\/\\\/glbouchez.be\\\/#organization\"},\"image\":{\"@id\":\"https:\\\/\\\/glbouchez.be\\\/nl\\\/royal-francs-borains-spelen-16de-finale-van-beker-van-belgie-bij-stvv\\\/#primaryimage\"},\"thumbnailUrl\":\"https:\\\/\\\/glbouchez.be\\\/wp-content\\\/uploads\\\/2023\\\/10\\\/23-05-31-GLB-FrancBorains-5-min-scaled.jpg\",\"articleSection\":[\"In de media\",\"Nieuws\"],\"inLanguage\":\"nl-NL\"},{\"@type\":\"WebPage\",\"@id\":\"https:\\\/\\\/glbouchez.be\\\/nl\\\/royal-francs-borains-spelen-16de-finale-van-beker-van-belgie-bij-stvv\\\/\",\"url\":\"https:\\\/\\\/glbouchez.be\\\/nl\\\/royal-francs-borains-spelen-16de-finale-van-beker-van-belgie-bij-stvv\\\/\",\"name\":\"Royal Francs Borains spelen 16de finale van Beker van Belgi\u00eb bij STVV - Georges-Louis Bouchez\",\"isPartOf\":{\"@id\":\"https:\\\/\\\/glbouchez.be\\\/#website\"},\"primaryImageOfPage\":{\"@id\":\"https:\\\/\\\/glbouchez.be\\\/nl\\\/royal-francs-borains-spelen-16de-finale-van-beker-van-belgie-bij-stvv\\\/#primaryimage\"},\"image\":{\"@id\":\"https:\\\/\\\/glbouchez.be\\\/nl\\\/royal-francs-borains-spelen-16de-finale-van-beker-van-belgie-bij-stvv\\\/#primaryimage\"},\"thumbnailUrl\":\"https:\\\/\\\/glbouchez.be\\\/wp-content\\\/uploads\\\/2023\\\/10\\\/23-05-31-GLB-FrancBorains-5-min-scaled.jpg\",\"datePublished\":\"2023-10-31T14:43:14+00:00\",\"breadcrumb\":{\"@id\":\"https:\\\/\\\/glbouchez.be\\\/nl\\\/royal-francs-borains-spelen-16de-finale-van-beker-van-belgie-bij-stvv\\\/#breadcrumb\"},\"inLanguage\":\"nl-NL\",\"potentialAction\":[{\"@type\":\"ReadAction\",\"target\":[\"https:\\\/\\\/glbouchez.be\\\/nl\\\/royal-francs-borains-spelen-16de-finale-van-beker-van-belgie-bij-stvv\\\/\"]}]},{\"@type\":\"ImageObject\",\"inLanguage\":\"nl-NL\",\"@id\":\"https:\\\/\\\/glbouchez.be\\\/nl\\\/royal-francs-borains-spelen-16de-finale-van-beker-van-belgie-bij-stvv\\\/#primaryimage\",\"url\":\"https:\\\/\\\/glbouchez.be\\\/wp-content\\\/uploads\\\/2023\\\/10\\\/23-05-31-GLB-FrancBorains-5-min-scaled.jpg\",\"contentUrl\":\"https:\\\/\\\/glbouchez.be\\\/wp-content\\\/uploads\\\/2023\\\/10\\\/23-05-31-GLB-FrancBorains-5-min-scaled.jpg\",\"width\":2560,\"height\":1707},{\"@type\":\"BreadcrumbList\",\"@id\":\"https:\\\/\\\/glbouchez.be\\\/nl\\\/royal-francs-borains-spelen-16de-finale-van-beker-van-belgie-bij-stvv\\\/#breadcrumb\",\"itemListElement\":[{\"@type\":\"ListItem\",\"position\":1,\"name\":\"Accueil\",\"item\":\"https:\\\/\\\/glbouchez.be\\\/nl\\\/\"},{\"@type\":\"ListItem\",\"position\":2,\"name\":\"Royal Francs Borains spelen 16de finale van Beker van Belgi\u00eb bij STVV\"}]},{\"@type\":\"WebSite\",\"@id\":\"https:\\\/\\\/glbouchez.be\\\/#website\",\"url\":\"https:\\\/\\\/glbouchez.be\\\/\",\"name\":\"Georges-Louis Bouchez\",\"description\":\"Pr\u00e9sident du MR, S\u00e9nateur\",\"publisher\":{\"@id\":\"https:\\\/\\\/glbouchez.be\\\/#organization\"},\"potentialAction\":[{\"@type\":\"SearchAction\",\"target\":{\"@type\":\"EntryPoint\",\"urlTemplate\":\"https:\\\/\\\/glbouchez.be\\\/?s={search_term_string}\"},\"query-input\":{\"@type\":\"PropertyValueSpecification\",\"valueRequired\":true,\"valueName\":\"search_term_string\"}}],\"inLanguage\":\"nl-NL\"},{\"@type\":\"Organization\",\"@id\":\"https:\\\/\\\/glbouchez.be\\\/#organization\",\"name\":\"Georges-Louis Bouchez\",\"url\":\"https:\\\/\\\/glbouchez.be\\\/\",\"logo\":{\"@type\":\"ImageObject\",\"inLanguage\":\"nl-NL\",\"@id\":\"https:\\\/\\\/glbouchez.be\\\/#\\\/schema\\\/logo\\\/image\\\/\",\"url\":\"https:\\\/\\\/glbouchez.be\\\/wp-content\\\/uploads\\\/2021\\\/02\\\/Logo-GLB-siteb.png\",\"contentUrl\":\"https:\\\/\\\/glbouchez.be\\\/wp-content\\\/uploads\\\/2021\\\/02\\\/Logo-GLB-siteb.png\",\"width\":1247,\"height\":340,\"caption\":\"Georges-Louis Bouchez\"},\"image\":{\"@id\":\"https:\\\/\\\/glbouchez.be\\\/#\\\/schema\\\/logo\\\/image\\\/\"}},{\"@type\":\"Person\",\"@id\":\"https:\\\/\\\/glbouchez.be\\\/#\\\/schema\\\/person\\\/422c978ae3654d11e1a6e6575fe341f1\",\"name\":\"Orane\",\"image\":{\"@type\":\"ImageObject\",\"inLanguage\":\"nl-NL\",\"@id\":\"https:\\\/\\\/secure.gravatar.com\\\/avatar\\\/cf854708571bb72cf51c6d53adb8f7c7846588bf6e6e14d5b8f1d44aa721e049?s=96&d=mm&r=g\",\"url\":\"https:\\\/\\\/secure.gravatar.com\\\/avatar\\\/cf854708571bb72cf51c6d53adb8f7c7846588bf6e6e14d5b8f1d44aa721e049?s=96&d=mm&r=g\",\"contentUrl\":\"https:\\\/\\\/secure.gravatar.com\\\/avatar\\\/cf854708571bb72cf51c6d53adb8f7c7846588bf6e6e14d5b8f1d44aa721e049?s=96&d=mm&r=g\",\"caption\":\"Orane\"},\"url\":\"https:\\\/\\\/glbouchez.be\\\/nl\\\/author\\\/orane\\\/\"}]}<\/script>\n<!-- \/ Yoast SEO plugin. -->","yoast_head_json":{"title":"Royal Francs Borains spelen 16de finale van Beker van Belgi\u00eb bij STVV - Georges-Louis Bouchez","robots":{"index":"index","follow":"follow","max-snippet":"max-snippet:-1","max-image-preview":"max-image-preview:large","max-video-preview":"max-video-preview:-1"},"canonical":"https:\/\/glbouchez.be\/nl\/royal-francs-borains-spelen-16de-finale-van-beker-van-belgie-bij-stvv\/","og_locale":"nl_NL","og_type":"article","og_title":"Royal Francs Borains spelen 16de finale van Beker van Belgi\u00eb bij STVV - Georges-Louis Bouchez","og_description":"Op dinsdagavond 31 oktober spelen de Royal Francs Borains voor de 16de finales van de Beker van Belgi\u00eb op het veld van Sint-Truiden. We zijn underdog tegen STVV, maar we...","og_url":"https:\/\/glbouchez.be\/nl\/royal-francs-borains-spelen-16de-finale-van-beker-van-belgie-bij-stvv\/","og_site_name":"Georges-Louis Bouchez","article_published_time":"2023-10-31T14:43:14+00:00","og_image":[{"width":2560,"height":1707,"url":"https:\/\/glbouchez.be\/wp-content\/uploads\/2023\/10\/23-05-31-GLB-FrancBorains-5-min-scaled.jpg","type":"image\/jpeg"}],"author":"Orane","twitter_card":"summary_large_image","twitter_misc":{"Geschreven door":"Orane","Geschatte leestijd":"1 minuut"},"schema":{"@context":"https:\/\/schema.org","@graph":[{"@type":"Article","@id":"https:\/\/glbouchez.be\/nl\/royal-francs-borains-spelen-16de-finale-van-beker-van-belgie-bij-stvv\/#article","isPartOf":{"@id":"https:\/\/glbouchez.be\/nl\/royal-francs-borains-spelen-16de-finale-van-beker-van-belgie-bij-stvv\/"},"author":{"name":"Orane","@id":"https:\/\/glbouchez.be\/#\/schema\/person\/422c978ae3654d11e1a6e6575fe341f1"},"headline":"Royal Francs Borains spelen 16de finale van Beker van Belgi\u00eb bij STVV","datePublished":"2023-10-31T14:43:14+00:00","mainEntityOfPage":{"@id":"https:\/\/glbouchez.be\/nl\/royal-francs-borains-spelen-16de-finale-van-beker-van-belgie-bij-stvv\/"},"wordCount":113,"publisher":{"@id":"https:\/\/glbouchez.be\/#organization"},"image":{"@id":"https:\/\/glbouchez.be\/nl\/royal-francs-borains-spelen-16de-finale-van-beker-van-belgie-bij-stvv\/#primaryimage"},"thumbnailUrl":"https:\/\/glbouchez.be\/wp-content\/uploads\/2023\/10\/23-05-31-GLB-FrancBorains-5-min-scaled.jpg","articleSection":["In de media","Nieuws"],"inLanguage":"nl-NL"},{"@type":"WebPage","@id":"https:\/\/glbouchez.be\/nl\/royal-francs-borains-spelen-16de-finale-van-beker-van-belgie-bij-stvv\/","url":"https:\/\/glbouchez.be\/nl\/royal-francs-borains-spelen-16de-finale-van-beker-van-belgie-bij-stvv\/","name":"Royal Francs Borains spelen 16de finale van Beker van Belgi\u00eb bij STVV - Georges-Louis Bouchez","isPartOf":{"@id":"https:\/\/glbouchez.be\/#website"},"primaryImageOfPage":{"@id":"https:\/\/glbouchez.be\/nl\/royal-francs-borains-spelen-16de-finale-van-beker-van-belgie-bij-stvv\/#primaryimage"},"image":{"@id":"https:\/\/glbouchez.be\/nl\/royal-francs-borains-spelen-16de-finale-van-beker-van-belgie-bij-stvv\/#primaryimage"},"thumbnailUrl":"https:\/\/glbouchez.be\/wp-content\/uploads\/2023\/10\/23-05-31-GLB-FrancBorains-5-min-scaled.jpg","datePublished":"2023-10-31T14:43:14+00:00","breadcrumb":{"@id":"https:\/\/glbouchez.be\/nl\/royal-francs-borains-spelen-16de-finale-van-beker-van-belgie-bij-stvv\/#breadcrumb"},"inLanguage":"nl-NL","potentialAction":[{"@type":"ReadAction","target":["https:\/\/glbouchez.be\/nl\/royal-francs-borains-spelen-16de-finale-van-beker-van-belgie-bij-stvv\/"]}]},{"@type":"ImageObject","inLanguage":"nl-NL","@id":"https:\/\/glbouchez.be\/nl\/royal-francs-borains-spelen-16de-finale-van-beker-van-belgie-bij-stvv\/#primaryimage","url":"https:\/\/glbouchez.be\/wp-content\/uploads\/2023\/10\/23-05-31-GLB-FrancBorains-5-min-scaled.jpg","contentUrl":"https:\/\/glbouchez.be\/wp-content\/uploads\/2023\/10\/23-05-31-GLB-FrancBorains-5-min-scaled.jpg","width":2560,"height":1707},{"@type":"BreadcrumbList","@id":"https:\/\/glbouchez.be\/nl\/royal-francs-borains-spelen-16de-finale-van-beker-van-belgie-bij-stvv\/#breadcrumb","itemListElement":[{"@type":"ListItem","position":1,"name":"Accueil","item":"https:\/\/glbouchez.be\/nl\/"},{"@type":"ListItem","position":2,"name":"Royal Francs Borains spelen 16de finale van Beker van Belgi\u00eb bij STVV"}]},{"@type":"WebSite","@id":"https:\/\/glbouchez.be\/#website","url":"https:\/\/glbouchez.be\/","name":"Georges-Louis Bouchez","description":"Pr\u00e9sident du MR, S\u00e9nateur","publisher":{"@id":"https:\/\/glbouchez.be\/#organization"},"potentialAction":[{"@type":"SearchAction","target":{"@type":"EntryPoint","urlTemplate":"https:\/\/glbouchez.be\/?s={search_term_string}"},"query-input":{"@type":"PropertyValueSpecification","valueRequired":true,"valueName":"search_term_string"}}],"inLanguage":"nl-NL"},{"@type":"Organization","@id":"https:\/\/glbouchez.be\/#organization","name":"Georges-Louis Bouchez","url":"https:\/\/glbouchez.be\/","logo":{"@type":"ImageObject","inLanguage":"nl-NL","@id":"https:\/\/glbouchez.be\/#\/schema\/logo\/image\/","url":"https:\/\/glbouchez.be\/wp-content\/uploads\/2021\/02\/Logo-GLB-siteb.png","contentUrl":"https:\/\/glbouchez.be\/wp-content\/uploads\/2021\/02\/Logo-GLB-siteb.png","width":1247,"height":340,"caption":"Georges-Louis Bouchez"},"image":{"@id":"https:\/\/glbouchez.be\/#\/schema\/logo\/image\/"}},{"@type":"Person","@id":"https:\/\/glbouchez.be\/#\/schema\/person\/422c978ae3654d11e1a6e6575fe341f1","name":"Orane","image":{"@type":"ImageObject","inLanguage":"nl-NL","@id":"https:\/\/secure.gravatar.com\/avatar\/cf854708571bb72cf51c6d53adb8f7c7846588bf6e6e14d5b8f1d44aa721e049?s=96&d=mm&r=g","url":"https:\/\/secure.gravatar.com\/avatar\/cf854708571bb72cf51c6d53adb8f7c7846588bf6e6e14d5b8f1d44aa721e049?s=96&d=mm&r=g","contentUrl":"https:\/\/secure.gravatar.com\/avatar\/cf854708571bb72cf51c6d53adb8f7c7846588bf6e6e14d5b8f1d44aa721e049?s=96&d=mm&r=g","caption":"Orane"},"url":"https:\/\/glbouchez.be\/nl\/author\/orane\/"}]}},"_links":{"self":[{"href":"https:\/\/glbouchez.be\/nl\/wp-json\/wp\/v2\/posts\/25581","targetHints":{"allow":["GET"]}}],"collection":[{"href":"https:\/\/glbouchez.be\/nl\/wp-json\/wp\/v2\/posts"}],"about":[{"href":"https:\/\/glbouchez.be\/nl\/wp-json\/wp\/v2\/types\/post"}],"author":[{"embeddable":true,"href":"https:\/\/glbouchez.be\/nl\/wp-json\/wp\/v2\/users\/2"}],"replies":[{"embeddable":true,"href":"https:\/\/glbouchez.be\/nl\/wp-json\/wp\/v2\/comments?post=25581"}],"version-history":[{"count":1,"href":"https:\/\/glbouchez.be\/nl\/wp-json\/wp\/v2\/posts\/25581\/revisions"}],"predecessor-version":[{"id":25582,"href":"https:\/\/glbouchez.be\/nl\/wp-json\/wp\/v2\/posts\/25581\/revisions\/25582"}],"wp:featuredmedia":[{"embeddable":true,"href":"https:\/\/glbouchez.be\/nl\/wp-json\/wp\/v2\/media\/25578"}],"wp:attachment":[{"href":"https:\/\/glbouchez.be\/nl\/wp-json\/wp\/v2\/media?parent=25581"}],"wp:term":[{"taxonomy":"category","embeddable":true,"href":"https:\/\/glbouchez.be\/nl\/wp-json\/wp\/v2\/categories?post=25581"},{"taxonomy":"post_tag","embeddable":true,"href":"https:\/\/glbouchez.be\/nl\/wp-json\/wp\/v2\/tags?post=25581"}],"curies":[{"name":"wp","href":"https:\/\/api.w.org\/{rel}","templated":true}]}}