{"id":33964,"date":"2024-07-20T10:50:27","date_gmt":"2024-07-20T08:50:27","guid":{"rendered":"https:\/\/glbouchez.be\/?p=33964"},"modified":"2024-07-20T10:50:27","modified_gmt":"2024-07-20T08:50:27","slug":"georges-louis-bouchez-in-de-tijd","status":"publish","type":"post","link":"https:\/\/glbouchez.be\/nl\/georges-louis-bouchez-in-de-tijd\/","title":{"rendered":"Georges-Louis Bouchez in De Tijd"},"content":{"rendered":"<p><strong>Sinds de historische verkiezingsoverwinning van de MR op 9 juni sprak voorzitter Georges-Louis Bouchez met bijna alle Vlaamse media. Dit weekend was het de beurt aan de kranten <em>De Tijd<\/em> en <em>L\u2019Echo<\/em>. <\/strong><\/p>\n<p>Bouchez blikte terug op de grote overwinning van de Franstalige liberalen bij de laatste verkiezingen. Voor hem is Walloni\u00eb nu technisch verder naar rechts opgeschoven dan Vlaanderen. Hij ziet een echte mentaliteitsverandering. De MR is erin geslaagd om iedereen te bereiken en iedereen te overtuigen over zaken die elke dag belangrijk zijn. Vooral werk en inspanning, waarden die links in de loop der jaren is verloren. \u201cWaals links kan niet bestaan als er geen zogenaamde slachtoffers zijn. Het is de woordvoerder van minderheden geworden. Er is een PS-staat die moet verdwijnen\u201d, legt hij uit.<\/p>\n<p>GLB is van mening dat Franstalig Belgi\u00eb momenteel zweeft tussen de 19de en 20ste eeuw. Onze regio moet hervormen om beter te presteren en krachtig te worden.<\/p>\n<p>Ook vertelde Bouchez dat hij voor alle burgers zal besturen. Hij kwam terug op het historische akkoord dat in Walloni\u00eb en de Federatie Walloni\u00eb-Brussel werd bereikt met Maxime Pr\u00e9vot en op de besprekingen die aan de gang zijn op federaal niveau.<\/p>\n<p>&nbsp;<\/p>\n<h4 style=\"text-align: center;\"><a href=\"https:\/\/www.tijd.be\/politiek-economie\/belgie\/algemeen\/georges-louis-bouchez-het-respect-van-de-wever-win-je-op-het-slagveld\/10556316.html?_sp_ses=aa0a7538-4639-44bd-a711-8c36c55dbb16\"><strong>Lees het interview in De Tijd<\/strong><\/a><\/h4>\n<h4 style=\"text-align: center;\"><a href=\"https:\/\/www.lecho.be\/economie-politique\/belgique\/wallonie\/georges-louis-bouchez-le-mr-peut-faire-mieux-que-30-en-wallonie\/10556275\"><strong>Lees het interview in L&#8217;Echo<\/strong><\/a><\/h4>\n<p>&nbsp;<\/p>\n","protected":false},"excerpt":{"rendered":"<p>Sinds de historische verkiezingsoverwinning van de MR op 9 juni sprak voorzitter Georges-Louis Bouchez met bijna alle Vlaamse media. Dit weekend was het de beurt aan de kranten De Tijd&#8230;<\/p>\n","protected":false},"author":2,"featured_media":33962,"comment_status":"closed","ping_status":"closed","sticky":false,"template":"","format":"standard","meta":{"footnotes":""},"categories":[276,269],"tags":[],"class_list":{"0":"post-33964","1":"post","2":"type-post","3":"status-publish","4":"format-standard","5":"has-post-thumbnail","7":"category-media","8":"category-nieuws"},"yoast_head":"<!-- This site is optimized with the Yoast SEO plugin v27.5 - https:\/\/yoast.com\/product\/yoast-seo-wordpress\/ -->\n<title>Georges-Louis Bouchez in De Tijd - Georges-Louis Bouchez<\/title>\n<meta name=\"robots\" content=\"index, follow, max-snippet:-1, max-image-preview:large, max-video-preview:-1\" \/>\n<link rel=\"canonical\" href=\"https:\/\/glbouchez.be\/nl\/georges-louis-bouchez-in-de-tijd\/\" \/>\n<meta property=\"og:locale\" content=\"nl_NL\" \/>\n<meta property=\"og:type\" content=\"article\" \/>\n<meta property=\"og:title\" content=\"Georges-Louis Bouchez in De Tijd - Georges-Louis Bouchez\" \/>\n<meta property=\"og:description\" content=\"Sinds de historische verkiezingsoverwinning van de MR op 9 juni sprak voorzitter Georges-Louis Bouchez met bijna alle Vlaamse media. Dit weekend was het de beurt aan de kranten De Tijd...\" \/>\n<meta property=\"og:url\" content=\"https:\/\/glbouchez.be\/nl\/georges-louis-bouchez-in-de-tijd\/\" \/>\n<meta property=\"og:site_name\" content=\"Georges-Louis Bouchez\" \/>\n<meta property=\"article:published_time\" content=\"2024-07-20T08:50:27+00:00\" \/>\n<meta property=\"og:image\" content=\"https:\/\/glbouchez.be\/wp-content\/uploads\/2024\/07\/20240718_GLB_Interview_echo_detijd-12-1-scaled.jpg\" \/>\n\t<meta property=\"og:image:width\" content=\"2560\" \/>\n\t<meta property=\"og:image:height\" content=\"1707\" \/>\n\t<meta property=\"og:image:type\" content=\"image\/jpeg\" \/>\n<meta name=\"author\" content=\"Orane\" \/>\n<meta name=\"twitter:card\" content=\"summary_large_image\" \/>\n<meta name=\"twitter:label1\" content=\"Geschreven door\" \/>\n\t<meta name=\"twitter:data1\" content=\"Orane\" \/>\n\t<meta name=\"twitter:label2\" content=\"Geschatte leestijd\" \/>\n\t<meta name=\"twitter:data2\" content=\"2 minuten\" \/>\n<script type=\"application\/ld+json\" class=\"yoast-schema-graph\">{\"@context\":\"https:\\\/\\\/schema.org\",\"@graph\":[{\"@type\":\"Article\",\"@id\":\"https:\\\/\\\/glbouchez.be\\\/nl\\\/georges-louis-bouchez-in-de-tijd\\\/#article\",\"isPartOf\":{\"@id\":\"https:\\\/\\\/glbouchez.be\\\/nl\\\/georges-louis-bouchez-in-de-tijd\\\/\"},\"author\":{\"name\":\"Orane\",\"@id\":\"https:\\\/\\\/glbouchez.be\\\/#\\\/schema\\\/person\\\/422c978ae3654d11e1a6e6575fe341f1\"},\"headline\":\"Georges-Louis Bouchez in De Tijd\",\"datePublished\":\"2024-07-20T08:50:27+00:00\",\"mainEntityOfPage\":{\"@id\":\"https:\\\/\\\/glbouchez.be\\\/nl\\\/georges-louis-bouchez-in-de-tijd\\\/\"},\"wordCount\":215,\"publisher\":{\"@id\":\"https:\\\/\\\/glbouchez.be\\\/#organization\"},\"image\":{\"@id\":\"https:\\\/\\\/glbouchez.be\\\/nl\\\/georges-louis-bouchez-in-de-tijd\\\/#primaryimage\"},\"thumbnailUrl\":\"https:\\\/\\\/glbouchez.be\\\/wp-content\\\/uploads\\\/2024\\\/07\\\/20240718_GLB_Interview_echo_detijd-12-1-scaled.jpg\",\"articleSection\":[\"In de media\",\"Nieuws\"],\"inLanguage\":\"nl-NL\"},{\"@type\":\"WebPage\",\"@id\":\"https:\\\/\\\/glbouchez.be\\\/nl\\\/georges-louis-bouchez-in-de-tijd\\\/\",\"url\":\"https:\\\/\\\/glbouchez.be\\\/nl\\\/georges-louis-bouchez-in-de-tijd\\\/\",\"name\":\"Georges-Louis Bouchez in De Tijd - Georges-Louis Bouchez\",\"isPartOf\":{\"@id\":\"https:\\\/\\\/glbouchez.be\\\/#website\"},\"primaryImageOfPage\":{\"@id\":\"https:\\\/\\\/glbouchez.be\\\/nl\\\/georges-louis-bouchez-in-de-tijd\\\/#primaryimage\"},\"image\":{\"@id\":\"https:\\\/\\\/glbouchez.be\\\/nl\\\/georges-louis-bouchez-in-de-tijd\\\/#primaryimage\"},\"thumbnailUrl\":\"https:\\\/\\\/glbouchez.be\\\/wp-content\\\/uploads\\\/2024\\\/07\\\/20240718_GLB_Interview_echo_detijd-12-1-scaled.jpg\",\"datePublished\":\"2024-07-20T08:50:27+00:00\",\"breadcrumb\":{\"@id\":\"https:\\\/\\\/glbouchez.be\\\/nl\\\/georges-louis-bouchez-in-de-tijd\\\/#breadcrumb\"},\"inLanguage\":\"nl-NL\",\"potentialAction\":[{\"@type\":\"ReadAction\",\"target\":[\"https:\\\/\\\/glbouchez.be\\\/nl\\\/georges-louis-bouchez-in-de-tijd\\\/\"]}]},{\"@type\":\"ImageObject\",\"inLanguage\":\"nl-NL\",\"@id\":\"https:\\\/\\\/glbouchez.be\\\/nl\\\/georges-louis-bouchez-in-de-tijd\\\/#primaryimage\",\"url\":\"https:\\\/\\\/glbouchez.be\\\/wp-content\\\/uploads\\\/2024\\\/07\\\/20240718_GLB_Interview_echo_detijd-12-1-scaled.jpg\",\"contentUrl\":\"https:\\\/\\\/glbouchez.be\\\/wp-content\\\/uploads\\\/2024\\\/07\\\/20240718_GLB_Interview_echo_detijd-12-1-scaled.jpg\",\"width\":2560,\"height\":1707},{\"@type\":\"BreadcrumbList\",\"@id\":\"https:\\\/\\\/glbouchez.be\\\/nl\\\/georges-louis-bouchez-in-de-tijd\\\/#breadcrumb\",\"itemListElement\":[{\"@type\":\"ListItem\",\"position\":1,\"name\":\"Accueil\",\"item\":\"https:\\\/\\\/glbouchez.be\\\/nl\\\/\"},{\"@type\":\"ListItem\",\"position\":2,\"name\":\"Georges-Louis Bouchez in De Tijd\"}]},{\"@type\":\"WebSite\",\"@id\":\"https:\\\/\\\/glbouchez.be\\\/#website\",\"url\":\"https:\\\/\\\/glbouchez.be\\\/\",\"name\":\"Georges-Louis Bouchez\",\"description\":\"Pr\u00e9sident du MR, S\u00e9nateur\",\"publisher\":{\"@id\":\"https:\\\/\\\/glbouchez.be\\\/#organization\"},\"potentialAction\":[{\"@type\":\"SearchAction\",\"target\":{\"@type\":\"EntryPoint\",\"urlTemplate\":\"https:\\\/\\\/glbouchez.be\\\/?s={search_term_string}\"},\"query-input\":{\"@type\":\"PropertyValueSpecification\",\"valueRequired\":true,\"valueName\":\"search_term_string\"}}],\"inLanguage\":\"nl-NL\"},{\"@type\":\"Organization\",\"@id\":\"https:\\\/\\\/glbouchez.be\\\/#organization\",\"name\":\"Georges-Louis Bouchez\",\"url\":\"https:\\\/\\\/glbouchez.be\\\/\",\"logo\":{\"@type\":\"ImageObject\",\"inLanguage\":\"nl-NL\",\"@id\":\"https:\\\/\\\/glbouchez.be\\\/#\\\/schema\\\/logo\\\/image\\\/\",\"url\":\"https:\\\/\\\/glbouchez.be\\\/wp-content\\\/uploads\\\/2021\\\/02\\\/Logo-GLB-siteb.png\",\"contentUrl\":\"https:\\\/\\\/glbouchez.be\\\/wp-content\\\/uploads\\\/2021\\\/02\\\/Logo-GLB-siteb.png\",\"width\":1247,\"height\":340,\"caption\":\"Georges-Louis Bouchez\"},\"image\":{\"@id\":\"https:\\\/\\\/glbouchez.be\\\/#\\\/schema\\\/logo\\\/image\\\/\"}},{\"@type\":\"Person\",\"@id\":\"https:\\\/\\\/glbouchez.be\\\/#\\\/schema\\\/person\\\/422c978ae3654d11e1a6e6575fe341f1\",\"name\":\"Orane\",\"image\":{\"@type\":\"ImageObject\",\"inLanguage\":\"nl-NL\",\"@id\":\"https:\\\/\\\/secure.gravatar.com\\\/avatar\\\/cf854708571bb72cf51c6d53adb8f7c7846588bf6e6e14d5b8f1d44aa721e049?s=96&d=mm&r=g\",\"url\":\"https:\\\/\\\/secure.gravatar.com\\\/avatar\\\/cf854708571bb72cf51c6d53adb8f7c7846588bf6e6e14d5b8f1d44aa721e049?s=96&d=mm&r=g\",\"contentUrl\":\"https:\\\/\\\/secure.gravatar.com\\\/avatar\\\/cf854708571bb72cf51c6d53adb8f7c7846588bf6e6e14d5b8f1d44aa721e049?s=96&d=mm&r=g\",\"caption\":\"Orane\"},\"url\":\"https:\\\/\\\/glbouchez.be\\\/nl\\\/author\\\/orane\\\/\"}]}<\/script>\n<!-- \/ Yoast SEO plugin. -->","yoast_head_json":{"title":"Georges-Louis Bouchez in De Tijd - Georges-Louis Bouchez","robots":{"index":"index","follow":"follow","max-snippet":"max-snippet:-1","max-image-preview":"max-image-preview:large","max-video-preview":"max-video-preview:-1"},"canonical":"https:\/\/glbouchez.be\/nl\/georges-louis-bouchez-in-de-tijd\/","og_locale":"nl_NL","og_type":"article","og_title":"Georges-Louis Bouchez in De Tijd - Georges-Louis Bouchez","og_description":"Sinds de historische verkiezingsoverwinning van de MR op 9 juni sprak voorzitter Georges-Louis Bouchez met bijna alle Vlaamse media. Dit weekend was het de beurt aan de kranten De Tijd...","og_url":"https:\/\/glbouchez.be\/nl\/georges-louis-bouchez-in-de-tijd\/","og_site_name":"Georges-Louis Bouchez","article_published_time":"2024-07-20T08:50:27+00:00","og_image":[{"width":2560,"height":1707,"url":"https:\/\/glbouchez.be\/wp-content\/uploads\/2024\/07\/20240718_GLB_Interview_echo_detijd-12-1-scaled.jpg","type":"image\/jpeg"}],"author":"Orane","twitter_card":"summary_large_image","twitter_misc":{"Geschreven door":"Orane","Geschatte leestijd":"2 minuten"},"schema":{"@context":"https:\/\/schema.org","@graph":[{"@type":"Article","@id":"https:\/\/glbouchez.be\/nl\/georges-louis-bouchez-in-de-tijd\/#article","isPartOf":{"@id":"https:\/\/glbouchez.be\/nl\/georges-louis-bouchez-in-de-tijd\/"},"author":{"name":"Orane","@id":"https:\/\/glbouchez.be\/#\/schema\/person\/422c978ae3654d11e1a6e6575fe341f1"},"headline":"Georges-Louis Bouchez in De Tijd","datePublished":"2024-07-20T08:50:27+00:00","mainEntityOfPage":{"@id":"https:\/\/glbouchez.be\/nl\/georges-louis-bouchez-in-de-tijd\/"},"wordCount":215,"publisher":{"@id":"https:\/\/glbouchez.be\/#organization"},"image":{"@id":"https:\/\/glbouchez.be\/nl\/georges-louis-bouchez-in-de-tijd\/#primaryimage"},"thumbnailUrl":"https:\/\/glbouchez.be\/wp-content\/uploads\/2024\/07\/20240718_GLB_Interview_echo_detijd-12-1-scaled.jpg","articleSection":["In de media","Nieuws"],"inLanguage":"nl-NL"},{"@type":"WebPage","@id":"https:\/\/glbouchez.be\/nl\/georges-louis-bouchez-in-de-tijd\/","url":"https:\/\/glbouchez.be\/nl\/georges-louis-bouchez-in-de-tijd\/","name":"Georges-Louis Bouchez in De Tijd - Georges-Louis Bouchez","isPartOf":{"@id":"https:\/\/glbouchez.be\/#website"},"primaryImageOfPage":{"@id":"https:\/\/glbouchez.be\/nl\/georges-louis-bouchez-in-de-tijd\/#primaryimage"},"image":{"@id":"https:\/\/glbouchez.be\/nl\/georges-louis-bouchez-in-de-tijd\/#primaryimage"},"thumbnailUrl":"https:\/\/glbouchez.be\/wp-content\/uploads\/2024\/07\/20240718_GLB_Interview_echo_detijd-12-1-scaled.jpg","datePublished":"2024-07-20T08:50:27+00:00","breadcrumb":{"@id":"https:\/\/glbouchez.be\/nl\/georges-louis-bouchez-in-de-tijd\/#breadcrumb"},"inLanguage":"nl-NL","potentialAction":[{"@type":"ReadAction","target":["https:\/\/glbouchez.be\/nl\/georges-louis-bouchez-in-de-tijd\/"]}]},{"@type":"ImageObject","inLanguage":"nl-NL","@id":"https:\/\/glbouchez.be\/nl\/georges-louis-bouchez-in-de-tijd\/#primaryimage","url":"https:\/\/glbouchez.be\/wp-content\/uploads\/2024\/07\/20240718_GLB_Interview_echo_detijd-12-1-scaled.jpg","contentUrl":"https:\/\/glbouchez.be\/wp-content\/uploads\/2024\/07\/20240718_GLB_Interview_echo_detijd-12-1-scaled.jpg","width":2560,"height":1707},{"@type":"BreadcrumbList","@id":"https:\/\/glbouchez.be\/nl\/georges-louis-bouchez-in-de-tijd\/#breadcrumb","itemListElement":[{"@type":"ListItem","position":1,"name":"Accueil","item":"https:\/\/glbouchez.be\/nl\/"},{"@type":"ListItem","position":2,"name":"Georges-Louis Bouchez in De Tijd"}]},{"@type":"WebSite","@id":"https:\/\/glbouchez.be\/#website","url":"https:\/\/glbouchez.be\/","name":"Georges-Louis Bouchez","description":"Pr\u00e9sident du MR, S\u00e9nateur","publisher":{"@id":"https:\/\/glbouchez.be\/#organization"},"potentialAction":[{"@type":"SearchAction","target":{"@type":"EntryPoint","urlTemplate":"https:\/\/glbouchez.be\/?s={search_term_string}"},"query-input":{"@type":"PropertyValueSpecification","valueRequired":true,"valueName":"search_term_string"}}],"inLanguage":"nl-NL"},{"@type":"Organization","@id":"https:\/\/glbouchez.be\/#organization","name":"Georges-Louis Bouchez","url":"https:\/\/glbouchez.be\/","logo":{"@type":"ImageObject","inLanguage":"nl-NL","@id":"https:\/\/glbouchez.be\/#\/schema\/logo\/image\/","url":"https:\/\/glbouchez.be\/wp-content\/uploads\/2021\/02\/Logo-GLB-siteb.png","contentUrl":"https:\/\/glbouchez.be\/wp-content\/uploads\/2021\/02\/Logo-GLB-siteb.png","width":1247,"height":340,"caption":"Georges-Louis Bouchez"},"image":{"@id":"https:\/\/glbouchez.be\/#\/schema\/logo\/image\/"}},{"@type":"Person","@id":"https:\/\/glbouchez.be\/#\/schema\/person\/422c978ae3654d11e1a6e6575fe341f1","name":"Orane","image":{"@type":"ImageObject","inLanguage":"nl-NL","@id":"https:\/\/secure.gravatar.com\/avatar\/cf854708571bb72cf51c6d53adb8f7c7846588bf6e6e14d5b8f1d44aa721e049?s=96&d=mm&r=g","url":"https:\/\/secure.gravatar.com\/avatar\/cf854708571bb72cf51c6d53adb8f7c7846588bf6e6e14d5b8f1d44aa721e049?s=96&d=mm&r=g","contentUrl":"https:\/\/secure.gravatar.com\/avatar\/cf854708571bb72cf51c6d53adb8f7c7846588bf6e6e14d5b8f1d44aa721e049?s=96&d=mm&r=g","caption":"Orane"},"url":"https:\/\/glbouchez.be\/nl\/author\/orane\/"}]}},"_links":{"self":[{"href":"https:\/\/glbouchez.be\/nl\/wp-json\/wp\/v2\/posts\/33964","targetHints":{"allow":["GET"]}}],"collection":[{"href":"https:\/\/glbouchez.be\/nl\/wp-json\/wp\/v2\/posts"}],"about":[{"href":"https:\/\/glbouchez.be\/nl\/wp-json\/wp\/v2\/types\/post"}],"author":[{"embeddable":true,"href":"https:\/\/glbouchez.be\/nl\/wp-json\/wp\/v2\/users\/2"}],"replies":[{"embeddable":true,"href":"https:\/\/glbouchez.be\/nl\/wp-json\/wp\/v2\/comments?post=33964"}],"version-history":[{"count":1,"href":"https:\/\/glbouchez.be\/nl\/wp-json\/wp\/v2\/posts\/33964\/revisions"}],"predecessor-version":[{"id":33965,"href":"https:\/\/glbouchez.be\/nl\/wp-json\/wp\/v2\/posts\/33964\/revisions\/33965"}],"wp:featuredmedia":[{"embeddable":true,"href":"https:\/\/glbouchez.be\/nl\/wp-json\/wp\/v2\/media\/33962"}],"wp:attachment":[{"href":"https:\/\/glbouchez.be\/nl\/wp-json\/wp\/v2\/media?parent=33964"}],"wp:term":[{"taxonomy":"category","embeddable":true,"href":"https:\/\/glbouchez.be\/nl\/wp-json\/wp\/v2\/categories?post=33964"},{"taxonomy":"post_tag","embeddable":true,"href":"https:\/\/glbouchez.be\/nl\/wp-json\/wp\/v2\/tags?post=33964"}],"curies":[{"name":"wp","href":"https:\/\/api.w.org\/{rel}","templated":true}]}}