{"id":37145,"date":"2024-10-18T14:43:31","date_gmt":"2024-10-18T12:43:31","guid":{"rendered":"https:\/\/glbouchez.be\/?p=37145"},"modified":"2024-10-18T14:43:31","modified_gmt":"2024-10-18T12:43:31","slug":"georges-louis-bouchez-in-vlaamse-tv-studios-na-nieuwe-verkiezingsoverwinning-mr","status":"publish","type":"post","link":"https:\/\/glbouchez.be\/nl\/georges-louis-bouchez-in-vlaamse-tv-studios-na-nieuwe-verkiezingsoverwinning-mr\/","title":{"rendered":"Georges-Louis Bouchez in Vlaamse tv-studio\u2019s na nieuwe verkiezingsoverwinning MR"},"content":{"rendered":"<p><strong>Na de nieuwe verkiezingsoverwinning van afgelopen zondag was MR-voorzitter Georges-Louis Bouchez weer te zien in de tv-studio\u2019s van <em>Terzake<\/em> en <em>Villa Politica<\/em>. Met bijna 30% was de Mouvement R\u00e9formateur de grootste partij in Franstalig Belgi\u00eb en bevestigde ze haar historische resultaat van de federale verkiezingen op 9 juni. Door de vooruitgang van Les Engag\u00e9s komt de Waalse regering van minister-president Adrien Dolimont versterkt uit de stembusgang.<\/strong><\/p>\n<p>In <em>Terzake<\/em> herhaalde Bouchez dat de MR een belastingverlaging wil. Dat is het DNA van ons verkiezingssucces. Belgi\u00eb is immers het land met de hoogste belastingen op werk en het staat in de top 3 van EU-landen met de hoogste belastingen op kapitaal. In de eerste plaats moeten de overheidsuitgaven naar omlaag. De staat kan veel effici\u00ebnter te werk gaan. Voor de MR moet fiscaliteit altijd dienen om mensen die werken te belonen. Belastingen mogen dus niet onze economie, onze werkgelegenheid of bepaalde sectoren schaden.<\/p>\n<p>In <em>Villa Politica<\/em> wees de MR-voorzitter op het gevaar voor de veiligheid en het samenleven in Brussel. In Molenbeek bijvoorbeeld werkt de PS aan een coalitie met de extreemlinkse PTB en de communautarist Fouad Ahidar, die een religieuze campagne voert. Bij de commentatoren in de media is er helaas geen enkele verontwaardiging over mogelijke meerderheden tussen de Parti Socialiste en de PTB, een communistische partij die totalitaire regimes steunt, het conflict tussen Isra\u00ebl en terreurorganisaties Hamas en Hezbollah misbruikt, priv\u00e9-eigendom en vrije meningsuiting in vraag stelt en ondernemers en mensen die geld hebben verdiend als vijand ziet. Als de PS en haar zusterpartij Vooruit coalities met deze extremisten en communautaristen zouden sluiten, zal dat gevolgen hebben voor de onderhandelingen op alle beleidsniveaus.<\/p>\n<h4 style=\"text-align: center;\"><\/h4>\n<h4 style=\"text-align: center;\"><strong><a href=\"https:\/\/www.vrt.be\/vrtmax\/a-z\/terzake\/2024\/terzake-d20241016\/\">Herbekijk het interview in Terzake<\/a><\/strong><\/h4>\n<h4 style=\"text-align: center;\"><strong><a href=\"https:\/\/www.vrt.be\/vrtmax\/a-z\/villa-politica\/2024\/villa-politica-d20241017-a42-villa-politica\/\">Herbekijk het interview in Villa Politica<\/a><\/strong><\/h4>\n<p>&nbsp;<\/p>\n","protected":false},"excerpt":{"rendered":"<p>Na de nieuwe verkiezingsoverwinning van afgelopen zondag was MR-voorzitter Georges-Louis Bouchez weer te zien in de tv-studio\u2019s van Terzake en Villa Politica. Met bijna 30% was de Mouvement R\u00e9formateur de&#8230;<\/p>\n","protected":false},"author":2,"featured_media":37143,"comment_status":"closed","ping_status":"closed","sticky":false,"template":"","format":"standard","meta":{"footnotes":""},"categories":[276,269],"tags":[],"class_list":{"0":"post-37145","1":"post","2":"type-post","3":"status-publish","4":"format-standard","5":"has-post-thumbnail","7":"category-media","8":"category-nieuws"},"yoast_head":"<!-- This site is optimized with the Yoast SEO plugin v27.5 - https:\/\/yoast.com\/product\/yoast-seo-wordpress\/ -->\n<title>Georges-Louis Bouchez in Vlaamse tv-studio\u2019s na nieuwe verkiezingsoverwinning MR - Georges-Louis Bouchez<\/title>\n<meta name=\"robots\" content=\"index, follow, max-snippet:-1, max-image-preview:large, max-video-preview:-1\" \/>\n<link rel=\"canonical\" href=\"https:\/\/glbouchez.be\/nl\/georges-louis-bouchez-in-vlaamse-tv-studios-na-nieuwe-verkiezingsoverwinning-mr\/\" \/>\n<meta property=\"og:locale\" content=\"nl_NL\" \/>\n<meta property=\"og:type\" content=\"article\" \/>\n<meta property=\"og:title\" content=\"Georges-Louis Bouchez in Vlaamse tv-studio\u2019s na nieuwe verkiezingsoverwinning MR - Georges-Louis Bouchez\" \/>\n<meta property=\"og:description\" content=\"Na de nieuwe verkiezingsoverwinning van afgelopen zondag was MR-voorzitter Georges-Louis Bouchez weer te zien in de tv-studio\u2019s van Terzake en Villa Politica. Met bijna 30% was de Mouvement R\u00e9formateur de...\" \/>\n<meta property=\"og:url\" content=\"https:\/\/glbouchez.be\/nl\/georges-louis-bouchez-in-vlaamse-tv-studios-na-nieuwe-verkiezingsoverwinning-mr\/\" \/>\n<meta property=\"og:site_name\" content=\"Georges-Louis Bouchez\" \/>\n<meta property=\"article:published_time\" content=\"2024-10-18T12:43:31+00:00\" \/>\n<meta property=\"og:image\" content=\"https:\/\/glbouchez.be\/wp-content\/uploads\/2024\/10\/54072762262_8914555a4e_k.jpg\" \/>\n\t<meta property=\"og:image:width\" content=\"2047\" \/>\n\t<meta property=\"og:image:height\" content=\"1365\" \/>\n\t<meta property=\"og:image:type\" content=\"image\/jpeg\" \/>\n<meta name=\"author\" content=\"Orane\" \/>\n<meta name=\"twitter:card\" content=\"summary_large_image\" \/>\n<meta name=\"twitter:label1\" content=\"Geschreven door\" \/>\n\t<meta name=\"twitter:data1\" content=\"Orane\" \/>\n\t<meta name=\"twitter:label2\" content=\"Geschatte leestijd\" \/>\n\t<meta name=\"twitter:data2\" content=\"2 minuten\" \/>\n<script type=\"application\/ld+json\" class=\"yoast-schema-graph\">{\"@context\":\"https:\\\/\\\/schema.org\",\"@graph\":[{\"@type\":\"Article\",\"@id\":\"https:\\\/\\\/glbouchez.be\\\/nl\\\/georges-louis-bouchez-in-vlaamse-tv-studios-na-nieuwe-verkiezingsoverwinning-mr\\\/#article\",\"isPartOf\":{\"@id\":\"https:\\\/\\\/glbouchez.be\\\/nl\\\/georges-louis-bouchez-in-vlaamse-tv-studios-na-nieuwe-verkiezingsoverwinning-mr\\\/\"},\"author\":{\"name\":\"Orane\",\"@id\":\"https:\\\/\\\/glbouchez.be\\\/#\\\/schema\\\/person\\\/422c978ae3654d11e1a6e6575fe341f1\"},\"headline\":\"Georges-Louis Bouchez in Vlaamse tv-studio\u2019s na nieuwe verkiezingsoverwinning MR\",\"datePublished\":\"2024-10-18T12:43:31+00:00\",\"mainEntityOfPage\":{\"@id\":\"https:\\\/\\\/glbouchez.be\\\/nl\\\/georges-louis-bouchez-in-vlaamse-tv-studios-na-nieuwe-verkiezingsoverwinning-mr\\\/\"},\"wordCount\":298,\"publisher\":{\"@id\":\"https:\\\/\\\/glbouchez.be\\\/#organization\"},\"image\":{\"@id\":\"https:\\\/\\\/glbouchez.be\\\/nl\\\/georges-louis-bouchez-in-vlaamse-tv-studios-na-nieuwe-verkiezingsoverwinning-mr\\\/#primaryimage\"},\"thumbnailUrl\":\"https:\\\/\\\/glbouchez.be\\\/wp-content\\\/uploads\\\/2024\\\/10\\\/54072762262_8914555a4e_k.jpg\",\"articleSection\":[\"In de media\",\"Nieuws\"],\"inLanguage\":\"nl-NL\"},{\"@type\":\"WebPage\",\"@id\":\"https:\\\/\\\/glbouchez.be\\\/nl\\\/georges-louis-bouchez-in-vlaamse-tv-studios-na-nieuwe-verkiezingsoverwinning-mr\\\/\",\"url\":\"https:\\\/\\\/glbouchez.be\\\/nl\\\/georges-louis-bouchez-in-vlaamse-tv-studios-na-nieuwe-verkiezingsoverwinning-mr\\\/\",\"name\":\"Georges-Louis Bouchez in Vlaamse tv-studio\u2019s na nieuwe verkiezingsoverwinning MR - Georges-Louis Bouchez\",\"isPartOf\":{\"@id\":\"https:\\\/\\\/glbouchez.be\\\/#website\"},\"primaryImageOfPage\":{\"@id\":\"https:\\\/\\\/glbouchez.be\\\/nl\\\/georges-louis-bouchez-in-vlaamse-tv-studios-na-nieuwe-verkiezingsoverwinning-mr\\\/#primaryimage\"},\"image\":{\"@id\":\"https:\\\/\\\/glbouchez.be\\\/nl\\\/georges-louis-bouchez-in-vlaamse-tv-studios-na-nieuwe-verkiezingsoverwinning-mr\\\/#primaryimage\"},\"thumbnailUrl\":\"https:\\\/\\\/glbouchez.be\\\/wp-content\\\/uploads\\\/2024\\\/10\\\/54072762262_8914555a4e_k.jpg\",\"datePublished\":\"2024-10-18T12:43:31+00:00\",\"breadcrumb\":{\"@id\":\"https:\\\/\\\/glbouchez.be\\\/nl\\\/georges-louis-bouchez-in-vlaamse-tv-studios-na-nieuwe-verkiezingsoverwinning-mr\\\/#breadcrumb\"},\"inLanguage\":\"nl-NL\",\"potentialAction\":[{\"@type\":\"ReadAction\",\"target\":[\"https:\\\/\\\/glbouchez.be\\\/nl\\\/georges-louis-bouchez-in-vlaamse-tv-studios-na-nieuwe-verkiezingsoverwinning-mr\\\/\"]}]},{\"@type\":\"ImageObject\",\"inLanguage\":\"nl-NL\",\"@id\":\"https:\\\/\\\/glbouchez.be\\\/nl\\\/georges-louis-bouchez-in-vlaamse-tv-studios-na-nieuwe-verkiezingsoverwinning-mr\\\/#primaryimage\",\"url\":\"https:\\\/\\\/glbouchez.be\\\/wp-content\\\/uploads\\\/2024\\\/10\\\/54072762262_8914555a4e_k.jpg\",\"contentUrl\":\"https:\\\/\\\/glbouchez.be\\\/wp-content\\\/uploads\\\/2024\\\/10\\\/54072762262_8914555a4e_k.jpg\",\"width\":2047,\"height\":1365},{\"@type\":\"BreadcrumbList\",\"@id\":\"https:\\\/\\\/glbouchez.be\\\/nl\\\/georges-louis-bouchez-in-vlaamse-tv-studios-na-nieuwe-verkiezingsoverwinning-mr\\\/#breadcrumb\",\"itemListElement\":[{\"@type\":\"ListItem\",\"position\":1,\"name\":\"Accueil\",\"item\":\"https:\\\/\\\/glbouchez.be\\\/nl\\\/\"},{\"@type\":\"ListItem\",\"position\":2,\"name\":\"Georges-Louis Bouchez in Vlaamse tv-studio\u2019s na nieuwe verkiezingsoverwinning MR\"}]},{\"@type\":\"WebSite\",\"@id\":\"https:\\\/\\\/glbouchez.be\\\/#website\",\"url\":\"https:\\\/\\\/glbouchez.be\\\/\",\"name\":\"Georges-Louis Bouchez\",\"description\":\"Pr\u00e9sident du MR, S\u00e9nateur\",\"publisher\":{\"@id\":\"https:\\\/\\\/glbouchez.be\\\/#organization\"},\"potentialAction\":[{\"@type\":\"SearchAction\",\"target\":{\"@type\":\"EntryPoint\",\"urlTemplate\":\"https:\\\/\\\/glbouchez.be\\\/?s={search_term_string}\"},\"query-input\":{\"@type\":\"PropertyValueSpecification\",\"valueRequired\":true,\"valueName\":\"search_term_string\"}}],\"inLanguage\":\"nl-NL\"},{\"@type\":\"Organization\",\"@id\":\"https:\\\/\\\/glbouchez.be\\\/#organization\",\"name\":\"Georges-Louis Bouchez\",\"url\":\"https:\\\/\\\/glbouchez.be\\\/\",\"logo\":{\"@type\":\"ImageObject\",\"inLanguage\":\"nl-NL\",\"@id\":\"https:\\\/\\\/glbouchez.be\\\/#\\\/schema\\\/logo\\\/image\\\/\",\"url\":\"https:\\\/\\\/glbouchez.be\\\/wp-content\\\/uploads\\\/2021\\\/02\\\/Logo-GLB-siteb.png\",\"contentUrl\":\"https:\\\/\\\/glbouchez.be\\\/wp-content\\\/uploads\\\/2021\\\/02\\\/Logo-GLB-siteb.png\",\"width\":1247,\"height\":340,\"caption\":\"Georges-Louis Bouchez\"},\"image\":{\"@id\":\"https:\\\/\\\/glbouchez.be\\\/#\\\/schema\\\/logo\\\/image\\\/\"}},{\"@type\":\"Person\",\"@id\":\"https:\\\/\\\/glbouchez.be\\\/#\\\/schema\\\/person\\\/422c978ae3654d11e1a6e6575fe341f1\",\"name\":\"Orane\",\"image\":{\"@type\":\"ImageObject\",\"inLanguage\":\"nl-NL\",\"@id\":\"https:\\\/\\\/secure.gravatar.com\\\/avatar\\\/cf854708571bb72cf51c6d53adb8f7c7846588bf6e6e14d5b8f1d44aa721e049?s=96&d=mm&r=g\",\"url\":\"https:\\\/\\\/secure.gravatar.com\\\/avatar\\\/cf854708571bb72cf51c6d53adb8f7c7846588bf6e6e14d5b8f1d44aa721e049?s=96&d=mm&r=g\",\"contentUrl\":\"https:\\\/\\\/secure.gravatar.com\\\/avatar\\\/cf854708571bb72cf51c6d53adb8f7c7846588bf6e6e14d5b8f1d44aa721e049?s=96&d=mm&r=g\",\"caption\":\"Orane\"},\"url\":\"https:\\\/\\\/glbouchez.be\\\/nl\\\/author\\\/orane\\\/\"}]}<\/script>\n<!-- \/ Yoast SEO plugin. -->","yoast_head_json":{"title":"Georges-Louis Bouchez in Vlaamse tv-studio\u2019s na nieuwe verkiezingsoverwinning MR - Georges-Louis Bouchez","robots":{"index":"index","follow":"follow","max-snippet":"max-snippet:-1","max-image-preview":"max-image-preview:large","max-video-preview":"max-video-preview:-1"},"canonical":"https:\/\/glbouchez.be\/nl\/georges-louis-bouchez-in-vlaamse-tv-studios-na-nieuwe-verkiezingsoverwinning-mr\/","og_locale":"nl_NL","og_type":"article","og_title":"Georges-Louis Bouchez in Vlaamse tv-studio\u2019s na nieuwe verkiezingsoverwinning MR - Georges-Louis Bouchez","og_description":"Na de nieuwe verkiezingsoverwinning van afgelopen zondag was MR-voorzitter Georges-Louis Bouchez weer te zien in de tv-studio\u2019s van Terzake en Villa Politica. Met bijna 30% was de Mouvement R\u00e9formateur de...","og_url":"https:\/\/glbouchez.be\/nl\/georges-louis-bouchez-in-vlaamse-tv-studios-na-nieuwe-verkiezingsoverwinning-mr\/","og_site_name":"Georges-Louis Bouchez","article_published_time":"2024-10-18T12:43:31+00:00","og_image":[{"width":2047,"height":1365,"url":"https:\/\/glbouchez.be\/wp-content\/uploads\/2024\/10\/54072762262_8914555a4e_k.jpg","type":"image\/jpeg"}],"author":"Orane","twitter_card":"summary_large_image","twitter_misc":{"Geschreven door":"Orane","Geschatte leestijd":"2 minuten"},"schema":{"@context":"https:\/\/schema.org","@graph":[{"@type":"Article","@id":"https:\/\/glbouchez.be\/nl\/georges-louis-bouchez-in-vlaamse-tv-studios-na-nieuwe-verkiezingsoverwinning-mr\/#article","isPartOf":{"@id":"https:\/\/glbouchez.be\/nl\/georges-louis-bouchez-in-vlaamse-tv-studios-na-nieuwe-verkiezingsoverwinning-mr\/"},"author":{"name":"Orane","@id":"https:\/\/glbouchez.be\/#\/schema\/person\/422c978ae3654d11e1a6e6575fe341f1"},"headline":"Georges-Louis Bouchez in Vlaamse tv-studio\u2019s na nieuwe verkiezingsoverwinning MR","datePublished":"2024-10-18T12:43:31+00:00","mainEntityOfPage":{"@id":"https:\/\/glbouchez.be\/nl\/georges-louis-bouchez-in-vlaamse-tv-studios-na-nieuwe-verkiezingsoverwinning-mr\/"},"wordCount":298,"publisher":{"@id":"https:\/\/glbouchez.be\/#organization"},"image":{"@id":"https:\/\/glbouchez.be\/nl\/georges-louis-bouchez-in-vlaamse-tv-studios-na-nieuwe-verkiezingsoverwinning-mr\/#primaryimage"},"thumbnailUrl":"https:\/\/glbouchez.be\/wp-content\/uploads\/2024\/10\/54072762262_8914555a4e_k.jpg","articleSection":["In de media","Nieuws"],"inLanguage":"nl-NL"},{"@type":"WebPage","@id":"https:\/\/glbouchez.be\/nl\/georges-louis-bouchez-in-vlaamse-tv-studios-na-nieuwe-verkiezingsoverwinning-mr\/","url":"https:\/\/glbouchez.be\/nl\/georges-louis-bouchez-in-vlaamse-tv-studios-na-nieuwe-verkiezingsoverwinning-mr\/","name":"Georges-Louis Bouchez in Vlaamse tv-studio\u2019s na nieuwe verkiezingsoverwinning MR - Georges-Louis Bouchez","isPartOf":{"@id":"https:\/\/glbouchez.be\/#website"},"primaryImageOfPage":{"@id":"https:\/\/glbouchez.be\/nl\/georges-louis-bouchez-in-vlaamse-tv-studios-na-nieuwe-verkiezingsoverwinning-mr\/#primaryimage"},"image":{"@id":"https:\/\/glbouchez.be\/nl\/georges-louis-bouchez-in-vlaamse-tv-studios-na-nieuwe-verkiezingsoverwinning-mr\/#primaryimage"},"thumbnailUrl":"https:\/\/glbouchez.be\/wp-content\/uploads\/2024\/10\/54072762262_8914555a4e_k.jpg","datePublished":"2024-10-18T12:43:31+00:00","breadcrumb":{"@id":"https:\/\/glbouchez.be\/nl\/georges-louis-bouchez-in-vlaamse-tv-studios-na-nieuwe-verkiezingsoverwinning-mr\/#breadcrumb"},"inLanguage":"nl-NL","potentialAction":[{"@type":"ReadAction","target":["https:\/\/glbouchez.be\/nl\/georges-louis-bouchez-in-vlaamse-tv-studios-na-nieuwe-verkiezingsoverwinning-mr\/"]}]},{"@type":"ImageObject","inLanguage":"nl-NL","@id":"https:\/\/glbouchez.be\/nl\/georges-louis-bouchez-in-vlaamse-tv-studios-na-nieuwe-verkiezingsoverwinning-mr\/#primaryimage","url":"https:\/\/glbouchez.be\/wp-content\/uploads\/2024\/10\/54072762262_8914555a4e_k.jpg","contentUrl":"https:\/\/glbouchez.be\/wp-content\/uploads\/2024\/10\/54072762262_8914555a4e_k.jpg","width":2047,"height":1365},{"@type":"BreadcrumbList","@id":"https:\/\/glbouchez.be\/nl\/georges-louis-bouchez-in-vlaamse-tv-studios-na-nieuwe-verkiezingsoverwinning-mr\/#breadcrumb","itemListElement":[{"@type":"ListItem","position":1,"name":"Accueil","item":"https:\/\/glbouchez.be\/nl\/"},{"@type":"ListItem","position":2,"name":"Georges-Louis Bouchez in Vlaamse tv-studio\u2019s na nieuwe verkiezingsoverwinning MR"}]},{"@type":"WebSite","@id":"https:\/\/glbouchez.be\/#website","url":"https:\/\/glbouchez.be\/","name":"Georges-Louis Bouchez","description":"Pr\u00e9sident du MR, S\u00e9nateur","publisher":{"@id":"https:\/\/glbouchez.be\/#organization"},"potentialAction":[{"@type":"SearchAction","target":{"@type":"EntryPoint","urlTemplate":"https:\/\/glbouchez.be\/?s={search_term_string}"},"query-input":{"@type":"PropertyValueSpecification","valueRequired":true,"valueName":"search_term_string"}}],"inLanguage":"nl-NL"},{"@type":"Organization","@id":"https:\/\/glbouchez.be\/#organization","name":"Georges-Louis Bouchez","url":"https:\/\/glbouchez.be\/","logo":{"@type":"ImageObject","inLanguage":"nl-NL","@id":"https:\/\/glbouchez.be\/#\/schema\/logo\/image\/","url":"https:\/\/glbouchez.be\/wp-content\/uploads\/2021\/02\/Logo-GLB-siteb.png","contentUrl":"https:\/\/glbouchez.be\/wp-content\/uploads\/2021\/02\/Logo-GLB-siteb.png","width":1247,"height":340,"caption":"Georges-Louis Bouchez"},"image":{"@id":"https:\/\/glbouchez.be\/#\/schema\/logo\/image\/"}},{"@type":"Person","@id":"https:\/\/glbouchez.be\/#\/schema\/person\/422c978ae3654d11e1a6e6575fe341f1","name":"Orane","image":{"@type":"ImageObject","inLanguage":"nl-NL","@id":"https:\/\/secure.gravatar.com\/avatar\/cf854708571bb72cf51c6d53adb8f7c7846588bf6e6e14d5b8f1d44aa721e049?s=96&d=mm&r=g","url":"https:\/\/secure.gravatar.com\/avatar\/cf854708571bb72cf51c6d53adb8f7c7846588bf6e6e14d5b8f1d44aa721e049?s=96&d=mm&r=g","contentUrl":"https:\/\/secure.gravatar.com\/avatar\/cf854708571bb72cf51c6d53adb8f7c7846588bf6e6e14d5b8f1d44aa721e049?s=96&d=mm&r=g","caption":"Orane"},"url":"https:\/\/glbouchez.be\/nl\/author\/orane\/"}]}},"_links":{"self":[{"href":"https:\/\/glbouchez.be\/nl\/wp-json\/wp\/v2\/posts\/37145","targetHints":{"allow":["GET"]}}],"collection":[{"href":"https:\/\/glbouchez.be\/nl\/wp-json\/wp\/v2\/posts"}],"about":[{"href":"https:\/\/glbouchez.be\/nl\/wp-json\/wp\/v2\/types\/post"}],"author":[{"embeddable":true,"href":"https:\/\/glbouchez.be\/nl\/wp-json\/wp\/v2\/users\/2"}],"replies":[{"embeddable":true,"href":"https:\/\/glbouchez.be\/nl\/wp-json\/wp\/v2\/comments?post=37145"}],"version-history":[{"count":1,"href":"https:\/\/glbouchez.be\/nl\/wp-json\/wp\/v2\/posts\/37145\/revisions"}],"predecessor-version":[{"id":37146,"href":"https:\/\/glbouchez.be\/nl\/wp-json\/wp\/v2\/posts\/37145\/revisions\/37146"}],"wp:featuredmedia":[{"embeddable":true,"href":"https:\/\/glbouchez.be\/nl\/wp-json\/wp\/v2\/media\/37143"}],"wp:attachment":[{"href":"https:\/\/glbouchez.be\/nl\/wp-json\/wp\/v2\/media?parent=37145"}],"wp:term":[{"taxonomy":"category","embeddable":true,"href":"https:\/\/glbouchez.be\/nl\/wp-json\/wp\/v2\/categories?post=37145"},{"taxonomy":"post_tag","embeddable":true,"href":"https:\/\/glbouchez.be\/nl\/wp-json\/wp\/v2\/tags?post=37145"}],"curies":[{"name":"wp","href":"https:\/\/api.w.org\/{rel}","templated":true}]}}