{"id":51309,"date":"2026-03-12T09:48:58","date_gmt":"2026-03-12T08:48:58","guid":{"rendered":"https:\/\/glbouchez.be\/?p=51309"},"modified":"2026-03-12T14:12:01","modified_gmt":"2026-03-12T13:12:01","slug":"georges-louis-bouchez-spreekt-voor-internationale-ambassadeurs-investeer-in-brussel","status":"publish","type":"post","link":"https:\/\/glbouchez.be\/nl\/georges-louis-bouchez-spreekt-voor-internationale-ambassadeurs-investeer-in-brussel\/","title":{"rendered":"Georges-Louis Bouchez spreekt voor internationale ambassadeurs: \u201dInvesteer in Brussel\u201d"},"content":{"rendered":"<p><strong>\u201cBrussel is een uithangbord voor Belgi\u00eb. Brussels is back\u201d, zei MR-voorzitter Georges-Louis Bouchez voor een groep van internationale ambassadeurs. \u201cBrussel moet de Europese hoofdstad van artifici\u00eble intelligentie worden. Ik heb \u00e9\u00e9n boodschap: investeer in Brussel.\u201d<\/strong><\/p>\n<p>Bouchez was te gast op een evenement van de Engelstalige nieuwssite <em>The Brussels Times<\/em>. Hij vertelde aan de ambassadeurs waarom de regeringsvorming in Brussel meer dan zeshonderd dagen heeft geduurd. \u201cDoor te veel politieke versnippering en zeven Nederlandstalige en Franstalige partijen die een meerderheid moesten vormen. Bovendien wilden de Franstalige socialisten niet in een regering stappen met de N-VA, de partij van de premier. Door een conclaaf te organiseren waarbij de partijen rond de onderhandelingstafel moesten blijven tot er een akkoord was, zijn we erin geslaagd om de enige mogelijke coalitie te maken.\u201d<\/p>\n<p>\u201cDe regering van de nieuwe minister-president Boris Dilli\u00e8s zal een nieuwe dynamiek voor Brussel teweegbrengen\u201d, legde de MR-voorzitter uit. \u201cWe gaan investeerders aantrekken. Tegen 2030 moet de werkzaamheidsgraad omhoog van 65% naar 70%. De Haven van Brussel en de site van Audi Vorst worden belastingvrije zones waar nieuwe investeerders zich aan gunstige voorwaarden kunnen vestigen. Jonge mensen willen we een toekomst geven dankzij onderwijs, opleiding en werk.\u201d<\/p>\n<p>Bouchez, geboren en getogen in Bergen, stak zijn liefde voor Brussel niet onder stoelen of banken. \u201cHet is goed leven in Brussel. Alles is dichtbij. Winkels, restaurants, openbare diensten. Het imago van onze hoofdstad is de laatste jaren besmeurd geraakt door wanbeleid en achteruitgang. We gaan dat veranderen.\u201d<\/p>\n","protected":false},"excerpt":{"rendered":"<p>\u201cBrussel is een uithangbord voor Belgi\u00eb. Brussels is back\u201d, zei MR-voorzitter Georges-Louis Bouchez voor een groep van internationale ambassadeurs. \u201cBrussel moet de Europese hoofdstad van artifici\u00eble intelligentie worden. Ik heb&#8230;<\/p>\n","protected":false},"author":2,"featured_media":51307,"comment_status":"closed","ping_status":"closed","sticky":false,"template":"","format":"standard","meta":{"footnotes":""},"categories":[276,269],"tags":[],"class_list":{"0":"post-51309","1":"post","2":"type-post","3":"status-publish","4":"format-standard","5":"has-post-thumbnail","7":"category-media","8":"category-nieuws"},"yoast_head":"<!-- This site is optimized with the Yoast SEO plugin v27.5 - https:\/\/yoast.com\/product\/yoast-seo-wordpress\/ -->\n<title>Georges-Louis Bouchez spreekt voor internationale ambassadeurs: \u201dInvesteer in Brussel\u201d - Georges-Louis Bouchez<\/title>\n<meta name=\"robots\" content=\"index, follow, max-snippet:-1, max-image-preview:large, max-video-preview:-1\" \/>\n<link rel=\"canonical\" href=\"https:\/\/glbouchez.be\/nl\/georges-louis-bouchez-spreekt-voor-internationale-ambassadeurs-investeer-in-brussel\/\" \/>\n<meta property=\"og:locale\" content=\"nl_NL\" \/>\n<meta property=\"og:type\" content=\"article\" \/>\n<meta property=\"og:title\" content=\"Georges-Louis Bouchez spreekt voor internationale ambassadeurs: \u201dInvesteer in Brussel\u201d - Georges-Louis Bouchez\" \/>\n<meta property=\"og:description\" content=\"\u201cBrussel is een uithangbord voor Belgi\u00eb. Brussels is back\u201d, zei MR-voorzitter Georges-Louis Bouchez voor een groep van internationale ambassadeurs. \u201cBrussel moet de Europese hoofdstad van artifici\u00eble intelligentie worden. Ik heb...\" \/>\n<meta property=\"og:url\" content=\"https:\/\/glbouchez.be\/nl\/georges-louis-bouchez-spreekt-voor-internationale-ambassadeurs-investeer-in-brussel\/\" \/>\n<meta property=\"og:site_name\" content=\"Georges-Louis Bouchez\" \/>\n<meta property=\"article:published_time\" content=\"2026-03-12T08:48:58+00:00\" \/>\n<meta property=\"article:modified_time\" content=\"2026-03-12T13:12:01+00:00\" \/>\n<meta property=\"og:image\" content=\"https:\/\/glbouchez.be\/wp-content\/uploads\/2026\/03\/55140751220_913923e4e3_k.jpg\" \/>\n\t<meta property=\"og:image:width\" content=\"2047\" \/>\n\t<meta property=\"og:image:height\" content=\"1365\" \/>\n\t<meta property=\"og:image:type\" content=\"image\/jpeg\" \/>\n<meta name=\"author\" content=\"Orane\" \/>\n<meta name=\"twitter:card\" content=\"summary_large_image\" \/>\n<meta name=\"twitter:label1\" content=\"Geschreven door\" \/>\n\t<meta name=\"twitter:data1\" content=\"Orane\" \/>\n\t<meta name=\"twitter:label2\" content=\"Geschatte leestijd\" \/>\n\t<meta name=\"twitter:data2\" content=\"2 minuten\" \/>\n<script type=\"application\/ld+json\" class=\"yoast-schema-graph\">{\"@context\":\"https:\\\/\\\/schema.org\",\"@graph\":[{\"@type\":\"Article\",\"@id\":\"https:\\\/\\\/glbouchez.be\\\/nl\\\/georges-louis-bouchez-spreekt-voor-internationale-ambassadeurs-investeer-in-brussel\\\/#article\",\"isPartOf\":{\"@id\":\"https:\\\/\\\/glbouchez.be\\\/nl\\\/georges-louis-bouchez-spreekt-voor-internationale-ambassadeurs-investeer-in-brussel\\\/\"},\"author\":{\"name\":\"Orane\",\"@id\":\"https:\\\/\\\/glbouchez.be\\\/#\\\/schema\\\/person\\\/422c978ae3654d11e1a6e6575fe341f1\"},\"headline\":\"Georges-Louis Bouchez spreekt voor internationale ambassadeurs: \u201dInvesteer in Brussel\u201d\",\"datePublished\":\"2026-03-12T08:48:58+00:00\",\"dateModified\":\"2026-03-12T13:12:01+00:00\",\"mainEntityOfPage\":{\"@id\":\"https:\\\/\\\/glbouchez.be\\\/nl\\\/georges-louis-bouchez-spreekt-voor-internationale-ambassadeurs-investeer-in-brussel\\\/\"},\"wordCount\":251,\"publisher\":{\"@id\":\"https:\\\/\\\/glbouchez.be\\\/#organization\"},\"image\":{\"@id\":\"https:\\\/\\\/glbouchez.be\\\/nl\\\/georges-louis-bouchez-spreekt-voor-internationale-ambassadeurs-investeer-in-brussel\\\/#primaryimage\"},\"thumbnailUrl\":\"https:\\\/\\\/glbouchez.be\\\/wp-content\\\/uploads\\\/2026\\\/03\\\/55140751220_913923e4e3_k.jpg\",\"articleSection\":[\"In de media\",\"Nieuws\"],\"inLanguage\":\"nl-NL\"},{\"@type\":\"WebPage\",\"@id\":\"https:\\\/\\\/glbouchez.be\\\/nl\\\/georges-louis-bouchez-spreekt-voor-internationale-ambassadeurs-investeer-in-brussel\\\/\",\"url\":\"https:\\\/\\\/glbouchez.be\\\/nl\\\/georges-louis-bouchez-spreekt-voor-internationale-ambassadeurs-investeer-in-brussel\\\/\",\"name\":\"Georges-Louis Bouchez spreekt voor internationale ambassadeurs: \u201dInvesteer in Brussel\u201d - Georges-Louis Bouchez\",\"isPartOf\":{\"@id\":\"https:\\\/\\\/glbouchez.be\\\/#website\"},\"primaryImageOfPage\":{\"@id\":\"https:\\\/\\\/glbouchez.be\\\/nl\\\/georges-louis-bouchez-spreekt-voor-internationale-ambassadeurs-investeer-in-brussel\\\/#primaryimage\"},\"image\":{\"@id\":\"https:\\\/\\\/glbouchez.be\\\/nl\\\/georges-louis-bouchez-spreekt-voor-internationale-ambassadeurs-investeer-in-brussel\\\/#primaryimage\"},\"thumbnailUrl\":\"https:\\\/\\\/glbouchez.be\\\/wp-content\\\/uploads\\\/2026\\\/03\\\/55140751220_913923e4e3_k.jpg\",\"datePublished\":\"2026-03-12T08:48:58+00:00\",\"dateModified\":\"2026-03-12T13:12:01+00:00\",\"breadcrumb\":{\"@id\":\"https:\\\/\\\/glbouchez.be\\\/nl\\\/georges-louis-bouchez-spreekt-voor-internationale-ambassadeurs-investeer-in-brussel\\\/#breadcrumb\"},\"inLanguage\":\"nl-NL\",\"potentialAction\":[{\"@type\":\"ReadAction\",\"target\":[\"https:\\\/\\\/glbouchez.be\\\/nl\\\/georges-louis-bouchez-spreekt-voor-internationale-ambassadeurs-investeer-in-brussel\\\/\"]}]},{\"@type\":\"ImageObject\",\"inLanguage\":\"nl-NL\",\"@id\":\"https:\\\/\\\/glbouchez.be\\\/nl\\\/georges-louis-bouchez-spreekt-voor-internationale-ambassadeurs-investeer-in-brussel\\\/#primaryimage\",\"url\":\"https:\\\/\\\/glbouchez.be\\\/wp-content\\\/uploads\\\/2026\\\/03\\\/55140751220_913923e4e3_k.jpg\",\"contentUrl\":\"https:\\\/\\\/glbouchez.be\\\/wp-content\\\/uploads\\\/2026\\\/03\\\/55140751220_913923e4e3_k.jpg\",\"width\":2047,\"height\":1365},{\"@type\":\"BreadcrumbList\",\"@id\":\"https:\\\/\\\/glbouchez.be\\\/nl\\\/georges-louis-bouchez-spreekt-voor-internationale-ambassadeurs-investeer-in-brussel\\\/#breadcrumb\",\"itemListElement\":[{\"@type\":\"ListItem\",\"position\":1,\"name\":\"Accueil\",\"item\":\"https:\\\/\\\/glbouchez.be\\\/nl\\\/\"},{\"@type\":\"ListItem\",\"position\":2,\"name\":\"Georges-Louis Bouchez spreekt voor internationale ambassadeurs: \u201dInvesteer in Brussel\u201d\"}]},{\"@type\":\"WebSite\",\"@id\":\"https:\\\/\\\/glbouchez.be\\\/#website\",\"url\":\"https:\\\/\\\/glbouchez.be\\\/\",\"name\":\"Georges-Louis Bouchez\",\"description\":\"Pr\u00e9sident du MR, S\u00e9nateur\",\"publisher\":{\"@id\":\"https:\\\/\\\/glbouchez.be\\\/#organization\"},\"potentialAction\":[{\"@type\":\"SearchAction\",\"target\":{\"@type\":\"EntryPoint\",\"urlTemplate\":\"https:\\\/\\\/glbouchez.be\\\/?s={search_term_string}\"},\"query-input\":{\"@type\":\"PropertyValueSpecification\",\"valueRequired\":true,\"valueName\":\"search_term_string\"}}],\"inLanguage\":\"nl-NL\"},{\"@type\":\"Organization\",\"@id\":\"https:\\\/\\\/glbouchez.be\\\/#organization\",\"name\":\"Georges-Louis Bouchez\",\"url\":\"https:\\\/\\\/glbouchez.be\\\/\",\"logo\":{\"@type\":\"ImageObject\",\"inLanguage\":\"nl-NL\",\"@id\":\"https:\\\/\\\/glbouchez.be\\\/#\\\/schema\\\/logo\\\/image\\\/\",\"url\":\"https:\\\/\\\/glbouchez.be\\\/wp-content\\\/uploads\\\/2021\\\/02\\\/Logo-GLB-siteb.png\",\"contentUrl\":\"https:\\\/\\\/glbouchez.be\\\/wp-content\\\/uploads\\\/2021\\\/02\\\/Logo-GLB-siteb.png\",\"width\":1247,\"height\":340,\"caption\":\"Georges-Louis Bouchez\"},\"image\":{\"@id\":\"https:\\\/\\\/glbouchez.be\\\/#\\\/schema\\\/logo\\\/image\\\/\"}},{\"@type\":\"Person\",\"@id\":\"https:\\\/\\\/glbouchez.be\\\/#\\\/schema\\\/person\\\/422c978ae3654d11e1a6e6575fe341f1\",\"name\":\"Orane\",\"image\":{\"@type\":\"ImageObject\",\"inLanguage\":\"nl-NL\",\"@id\":\"https:\\\/\\\/secure.gravatar.com\\\/avatar\\\/cf854708571bb72cf51c6d53adb8f7c7846588bf6e6e14d5b8f1d44aa721e049?s=96&d=mm&r=g\",\"url\":\"https:\\\/\\\/secure.gravatar.com\\\/avatar\\\/cf854708571bb72cf51c6d53adb8f7c7846588bf6e6e14d5b8f1d44aa721e049?s=96&d=mm&r=g\",\"contentUrl\":\"https:\\\/\\\/secure.gravatar.com\\\/avatar\\\/cf854708571bb72cf51c6d53adb8f7c7846588bf6e6e14d5b8f1d44aa721e049?s=96&d=mm&r=g\",\"caption\":\"Orane\"},\"url\":\"https:\\\/\\\/glbouchez.be\\\/nl\\\/author\\\/orane\\\/\"}]}<\/script>\n<!-- \/ Yoast SEO plugin. -->","yoast_head_json":{"title":"Georges-Louis Bouchez spreekt voor internationale ambassadeurs: \u201dInvesteer in Brussel\u201d - Georges-Louis Bouchez","robots":{"index":"index","follow":"follow","max-snippet":"max-snippet:-1","max-image-preview":"max-image-preview:large","max-video-preview":"max-video-preview:-1"},"canonical":"https:\/\/glbouchez.be\/nl\/georges-louis-bouchez-spreekt-voor-internationale-ambassadeurs-investeer-in-brussel\/","og_locale":"nl_NL","og_type":"article","og_title":"Georges-Louis Bouchez spreekt voor internationale ambassadeurs: \u201dInvesteer in Brussel\u201d - Georges-Louis Bouchez","og_description":"\u201cBrussel is een uithangbord voor Belgi\u00eb. Brussels is back\u201d, zei MR-voorzitter Georges-Louis Bouchez voor een groep van internationale ambassadeurs. \u201cBrussel moet de Europese hoofdstad van artifici\u00eble intelligentie worden. Ik heb...","og_url":"https:\/\/glbouchez.be\/nl\/georges-louis-bouchez-spreekt-voor-internationale-ambassadeurs-investeer-in-brussel\/","og_site_name":"Georges-Louis Bouchez","article_published_time":"2026-03-12T08:48:58+00:00","article_modified_time":"2026-03-12T13:12:01+00:00","og_image":[{"width":2047,"height":1365,"url":"https:\/\/glbouchez.be\/wp-content\/uploads\/2026\/03\/55140751220_913923e4e3_k.jpg","type":"image\/jpeg"}],"author":"Orane","twitter_card":"summary_large_image","twitter_misc":{"Geschreven door":"Orane","Geschatte leestijd":"2 minuten"},"schema":{"@context":"https:\/\/schema.org","@graph":[{"@type":"Article","@id":"https:\/\/glbouchez.be\/nl\/georges-louis-bouchez-spreekt-voor-internationale-ambassadeurs-investeer-in-brussel\/#article","isPartOf":{"@id":"https:\/\/glbouchez.be\/nl\/georges-louis-bouchez-spreekt-voor-internationale-ambassadeurs-investeer-in-brussel\/"},"author":{"name":"Orane","@id":"https:\/\/glbouchez.be\/#\/schema\/person\/422c978ae3654d11e1a6e6575fe341f1"},"headline":"Georges-Louis Bouchez spreekt voor internationale ambassadeurs: \u201dInvesteer in Brussel\u201d","datePublished":"2026-03-12T08:48:58+00:00","dateModified":"2026-03-12T13:12:01+00:00","mainEntityOfPage":{"@id":"https:\/\/glbouchez.be\/nl\/georges-louis-bouchez-spreekt-voor-internationale-ambassadeurs-investeer-in-brussel\/"},"wordCount":251,"publisher":{"@id":"https:\/\/glbouchez.be\/#organization"},"image":{"@id":"https:\/\/glbouchez.be\/nl\/georges-louis-bouchez-spreekt-voor-internationale-ambassadeurs-investeer-in-brussel\/#primaryimage"},"thumbnailUrl":"https:\/\/glbouchez.be\/wp-content\/uploads\/2026\/03\/55140751220_913923e4e3_k.jpg","articleSection":["In de media","Nieuws"],"inLanguage":"nl-NL"},{"@type":"WebPage","@id":"https:\/\/glbouchez.be\/nl\/georges-louis-bouchez-spreekt-voor-internationale-ambassadeurs-investeer-in-brussel\/","url":"https:\/\/glbouchez.be\/nl\/georges-louis-bouchez-spreekt-voor-internationale-ambassadeurs-investeer-in-brussel\/","name":"Georges-Louis Bouchez spreekt voor internationale ambassadeurs: \u201dInvesteer in Brussel\u201d - Georges-Louis Bouchez","isPartOf":{"@id":"https:\/\/glbouchez.be\/#website"},"primaryImageOfPage":{"@id":"https:\/\/glbouchez.be\/nl\/georges-louis-bouchez-spreekt-voor-internationale-ambassadeurs-investeer-in-brussel\/#primaryimage"},"image":{"@id":"https:\/\/glbouchez.be\/nl\/georges-louis-bouchez-spreekt-voor-internationale-ambassadeurs-investeer-in-brussel\/#primaryimage"},"thumbnailUrl":"https:\/\/glbouchez.be\/wp-content\/uploads\/2026\/03\/55140751220_913923e4e3_k.jpg","datePublished":"2026-03-12T08:48:58+00:00","dateModified":"2026-03-12T13:12:01+00:00","breadcrumb":{"@id":"https:\/\/glbouchez.be\/nl\/georges-louis-bouchez-spreekt-voor-internationale-ambassadeurs-investeer-in-brussel\/#breadcrumb"},"inLanguage":"nl-NL","potentialAction":[{"@type":"ReadAction","target":["https:\/\/glbouchez.be\/nl\/georges-louis-bouchez-spreekt-voor-internationale-ambassadeurs-investeer-in-brussel\/"]}]},{"@type":"ImageObject","inLanguage":"nl-NL","@id":"https:\/\/glbouchez.be\/nl\/georges-louis-bouchez-spreekt-voor-internationale-ambassadeurs-investeer-in-brussel\/#primaryimage","url":"https:\/\/glbouchez.be\/wp-content\/uploads\/2026\/03\/55140751220_913923e4e3_k.jpg","contentUrl":"https:\/\/glbouchez.be\/wp-content\/uploads\/2026\/03\/55140751220_913923e4e3_k.jpg","width":2047,"height":1365},{"@type":"BreadcrumbList","@id":"https:\/\/glbouchez.be\/nl\/georges-louis-bouchez-spreekt-voor-internationale-ambassadeurs-investeer-in-brussel\/#breadcrumb","itemListElement":[{"@type":"ListItem","position":1,"name":"Accueil","item":"https:\/\/glbouchez.be\/nl\/"},{"@type":"ListItem","position":2,"name":"Georges-Louis Bouchez spreekt voor internationale ambassadeurs: \u201dInvesteer in Brussel\u201d"}]},{"@type":"WebSite","@id":"https:\/\/glbouchez.be\/#website","url":"https:\/\/glbouchez.be\/","name":"Georges-Louis Bouchez","description":"Pr\u00e9sident du MR, S\u00e9nateur","publisher":{"@id":"https:\/\/glbouchez.be\/#organization"},"potentialAction":[{"@type":"SearchAction","target":{"@type":"EntryPoint","urlTemplate":"https:\/\/glbouchez.be\/?s={search_term_string}"},"query-input":{"@type":"PropertyValueSpecification","valueRequired":true,"valueName":"search_term_string"}}],"inLanguage":"nl-NL"},{"@type":"Organization","@id":"https:\/\/glbouchez.be\/#organization","name":"Georges-Louis Bouchez","url":"https:\/\/glbouchez.be\/","logo":{"@type":"ImageObject","inLanguage":"nl-NL","@id":"https:\/\/glbouchez.be\/#\/schema\/logo\/image\/","url":"https:\/\/glbouchez.be\/wp-content\/uploads\/2021\/02\/Logo-GLB-siteb.png","contentUrl":"https:\/\/glbouchez.be\/wp-content\/uploads\/2021\/02\/Logo-GLB-siteb.png","width":1247,"height":340,"caption":"Georges-Louis Bouchez"},"image":{"@id":"https:\/\/glbouchez.be\/#\/schema\/logo\/image\/"}},{"@type":"Person","@id":"https:\/\/glbouchez.be\/#\/schema\/person\/422c978ae3654d11e1a6e6575fe341f1","name":"Orane","image":{"@type":"ImageObject","inLanguage":"nl-NL","@id":"https:\/\/secure.gravatar.com\/avatar\/cf854708571bb72cf51c6d53adb8f7c7846588bf6e6e14d5b8f1d44aa721e049?s=96&d=mm&r=g","url":"https:\/\/secure.gravatar.com\/avatar\/cf854708571bb72cf51c6d53adb8f7c7846588bf6e6e14d5b8f1d44aa721e049?s=96&d=mm&r=g","contentUrl":"https:\/\/secure.gravatar.com\/avatar\/cf854708571bb72cf51c6d53adb8f7c7846588bf6e6e14d5b8f1d44aa721e049?s=96&d=mm&r=g","caption":"Orane"},"url":"https:\/\/glbouchez.be\/nl\/author\/orane\/"}]}},"_links":{"self":[{"href":"https:\/\/glbouchez.be\/nl\/wp-json\/wp\/v2\/posts\/51309","targetHints":{"allow":["GET"]}}],"collection":[{"href":"https:\/\/glbouchez.be\/nl\/wp-json\/wp\/v2\/posts"}],"about":[{"href":"https:\/\/glbouchez.be\/nl\/wp-json\/wp\/v2\/types\/post"}],"author":[{"embeddable":true,"href":"https:\/\/glbouchez.be\/nl\/wp-json\/wp\/v2\/users\/2"}],"replies":[{"embeddable":true,"href":"https:\/\/glbouchez.be\/nl\/wp-json\/wp\/v2\/comments?post=51309"}],"version-history":[{"count":2,"href":"https:\/\/glbouchez.be\/nl\/wp-json\/wp\/v2\/posts\/51309\/revisions"}],"predecessor-version":[{"id":51311,"href":"https:\/\/glbouchez.be\/nl\/wp-json\/wp\/v2\/posts\/51309\/revisions\/51311"}],"wp:featuredmedia":[{"embeddable":true,"href":"https:\/\/glbouchez.be\/nl\/wp-json\/wp\/v2\/media\/51307"}],"wp:attachment":[{"href":"https:\/\/glbouchez.be\/nl\/wp-json\/wp\/v2\/media?parent=51309"}],"wp:term":[{"taxonomy":"category","embeddable":true,"href":"https:\/\/glbouchez.be\/nl\/wp-json\/wp\/v2\/categories?post=51309"},{"taxonomy":"post_tag","embeddable":true,"href":"https:\/\/glbouchez.be\/nl\/wp-json\/wp\/v2\/tags?post=51309"}],"curies":[{"name":"wp","href":"https:\/\/api.w.org\/{rel}","templated":true}]}}